{"id":24579,"date":"2020-05-08T10:16:36","date_gmt":"2020-05-08T08:16:36","guid":{"rendered":"https:\/\/concellodezas.gal\/recomendacions-preventivas-basicas-para-os-diferentes-centros-de-traballo\/"},"modified":"2025-09-25T11:51:23","modified_gmt":"2025-09-25T09:51:23","slug":"recomendacions-preventivas-basicas-para-os-diferentes-centros-de-traballo","status":"publish","type":"post","link":"https:\/\/concellodezas.gal\/en\/recomendacions-preventivas-basicas-para-os-diferentes-centros-de-traballo\/","title":{"rendered":"Recomendaci\u00f3ns preventivas b\u00e1sicas para os diferentes centros de traballo"},"content":{"rendered":"<p>O\u00a0Instituto de Seguridade e Sa\u00fade Laboral de Galicia elaborou\u00a0diversos documentos nos que se recollen\u00a0recomendaci\u00f3ns preventivas b\u00e1sicas que se deben ter en conta nos centros de traballo segundo as\u00a0informaci\u00f3ns das autoridades sanitarias\u00a0sobre o Coronavirus Covid-19<\/p>\n<p>O\u00a0<a href=\"http:\/\/issga.xunta.gal\/\"><strong>Instituto de Seguridade e Sa\u00fade Laboral de Galicia<\/strong> <\/a>elaborou\u00a0diversos documentos nos que se recollen\u00a0recomendaci\u00f3ns preventivas b\u00e1sicas que se deben ter en conta nos centros de traballo segundo as\u00a0informaci\u00f3ns das autoridades sanitarias\u00a0sobre o Coronavirus.<\/p>\n<p>Todo isto sen prexu\u00edzo da necesidade de\u00a0<strong>medidas espec\u00edficas\u00a0<\/strong>que se deban adoptar en funci\u00f3n das\u00a0<strong>caracter\u00edsticas concretas da actividade<\/strong>\u00a0e que corresponden \u00e1<strong>\u00a0organizaci\u00f3n preventiva da empresa<\/strong>\u00a0(servizo de prevenci\u00f3n, traballadores designados ou asunci\u00f3n polo empresario). Sempre seguindo as pautas das autoridades sanitarias en cada momento.<\/p>\n<p>\u00a0<\/p>\n<p>INFORMACI\u00d3N, DOCUMENTACI\u00d3N E LIGAZ\u00d3NS DE INTERESE<\/p>\n<p>Acceda premendo sobre o nome ou a trav\u00e9s das ligaz\u00f3ns indicadas ao final desta p\u00e1xina.<\/p>\n<p>XUNTA DE GALICIA_PRL<\/p>\n<ul>\n<li><a title=\"p\u00e1xina actual\" href=\"http:\/\/issga.xunta.gal\/portal\/contido\/actualidade\/novas\/nova_1276.html\">Tratamentos de desinfecci\u00f3n en locais comerciais e outras estancias en relaci\u00f3n ao coronavirus<\/a><\/li>\n<li><a title=\"p\u00e1xina actual\" href=\"http:\/\/issga.xunta.gal\/portal\/contido\/documentacion\/publicacions\/divulgacion\/doc_0120.html?lang=gl\">Prevenci\u00f3n e sa\u00fade laboral ante o coronavirus nas PERRUQUER\u00cdAS<\/a>\u00a0<\/li>\n<\/ul>\n<ul>\n<li><a href=\"http:\/\/issga.xunta.gal\/portal\/contido\/documentacion\/publicacions\/divulgacion\/doc_0119.html\">Prevenci\u00f3n e sa\u00fade laboral ante o coronavirus no COMERCIO<\/a><\/li>\n<li><a title=\"p\u00e1xina actual\" href=\"http:\/\/issga.xunta.gal\/portal\/contido\/documentacion\/publicacions\/divulgacion\/doc_0117.html?lang=gl\">Prevenci\u00f3n e sa\u00fade laboral ante o coronavirus nas OFICINAS<\/a><\/li>\n<li><a title=\"p\u00e1gina actual\" href=\"http:\/\/issga.xunta.gal\/portal\/contido\/documentacion\/publicacions\/divulgacion\/doc_0096.html?lang=gl\">Prevenci\u00f3n e sa\u00fade laboral ante o coronavirus nos SUPERMERCADOS<\/a><\/li>\n<li><a title=\"p\u00e1xina actual\" href=\"http:\/\/issga.xunta.gal\/portal\/contido\/documentacion\/publicacions\/divulgacion\/doc_0116.html\">Prevenci\u00f3n e sa\u00fade laboral ante o coronavirus nas OBRAS DE REHABILITACI\u00d3N, REFORMAS E REPARACI\u00d3NS EN EDIFICACI\u00d3NS<\/a><\/li>\n<li><a title=\"p\u00e1xina actual\" href=\"http:\/\/issga.xunta.gal\/portal\/contido\/documentacion\/publicacions\/divulgacion\/doc_0115.html\">Prevenci\u00f3n e sa\u00fade laboral ante o coronavirus nas GASOLINEIRAS<\/a><\/li>\n<li><a title=\"p\u00e1xina actual\" href=\"http:\/\/issga.xunta.gal\/portal\/contido\/documentacion\/publicacions\/divulgacion\/doc_0114.html\">Prevenci\u00f3n e sa\u00fade laboral ante o coronavirus nas TENDAS DE ALIMENTACI\u00d3N<\/a>\n<\/li>\n<li><a href=\"http:\/\/issga.xunta.gal\/portal\/contido\/documentacion\/publicacions\/divulgacion\/doc_0111.html\"><strong>G<\/strong><\/a><a title=\"p\u00e1xina actual\" href=\"http:\/\/issga.xunta.gal\/portal\/contido\/documentacion\/publicacions\/divulgacion\/doc_0111.html\"><strong>u\u00eda de recomendaci\u00f3ns preventivas de sa\u00fade laboral ante o coronavirus<\/strong><\/a><\/li>\n<li><a title=\"p\u00e1xina actual\" href=\"http:\/\/issga.xunta.gal\/portal\/contido\/documentacion\/publicacions\/divulgacion\/doc_0112.html\">P<\/a><a href=\"http:\/\/issga.xunta.gal\/portal\/contido\/documentacion\/publicacions\/divulgacion\/doc_0108.html\">revenci\u00f3<\/a><a href=\"http:\/\/issga.xunta.gal\/portal\/contido\/documentacion\/publicacions\/divulgacion\/doc_0108.html\">n e sa\u00fade laboral ante o coronavirus na INDUSTRIA EXTRACTIVA<\/a><\/li>\n<li><a href=\"http:\/\/issga.xunta.gal\/portal\/contido\/documentacion\/publicacions\/divulgacion\/doc_0108.html\">Prevenci\u00f3<\/a><a href=\"http:\/\/issga.xunta.gal\/portal\/contido\/documentacion\/publicacions\/divulgacion\/doc_0112.html\">n e sa\u00fade laboral ante o coronavirus no SECTOR DOS \u00c1RIDOS<\/a><\/li>\n<li><a href=\"http:\/\/issga.xunta.gal\/portal\/contido\/documentacion\/publicacions\/divulgacion\/doc_0110.html\">Prevenci\u00f3n e sa\u00fade laboral ante o coronavirus na INDUSTRIA DA AUTOMOCI\u00d3N<\/a><\/li>\n<li><a href=\"http:\/\/issga.xunta.gal\/portal\/contido\/documentacion\/publicacions\/divulgacion\/doc_0109.html\">Prevenci\u00f3n e sa\u00fade laboral ante o coronavirus na INDUSTRIA NAVAL<\/a><\/li>\n<li><a title=\"p\u00e1xina actual\" href=\"http:\/\/issga.xunta.gal\/portal\/contido\/documentacion\/publicacions\/divulgacion\/doc_0113.html\">Prevenci\u00f3n e sa\u00fade laboral ante o coronavirus na INDUSTRIA DA LOUSA<\/a><\/li>\n<li><a title=\"p\u00e1xina actual\" href=\"http:\/\/issga.xunta.gal\/portal\/contido\/documentacion\/publicacions\/divulgacion\/doc_0107.html\">Prevenci\u00f3n e sa\u00fade laboral ante o coronavirus no SECTOR FORESTAL<\/a><\/li>\n<li><a title=\"p\u00e1xina actual\" href=\"http:\/\/issga.xunta.gal\/portal\/contido\/documentacion\/publicacions\/divulgacion\/doc_0106.html\">Prevenci\u00f3n e sa\u00fade laboral ante o coronavirus no SECTOR DA CONSTRUCI\u00d3N<\/a><\/li>\n<\/ul>\n<ul>\n<li><a href=\"http:\/\/issga.xunta.gal\/portal\/contido\/actualidade\/novas\/nova_1255.html\">Prevenci\u00f3n no SERVIZO DE EMPREGADAS DO FOGAR fronte ao coronavirus<\/a><\/li>\n<li><a href=\"http:\/\/issga.xunta.gal\/portal\/contido\/actualidade\/novas\/nova_1256.html\">Prevenci\u00f3n na INDUSTRIA MANUFACTUREIRA fronte ao coronavirus<\/a><\/li>\n<li><a href=\"http:\/\/issga.xunta.gal\/portal\/contido\/actualidade\/novas\/nova_1254.html\">Prevenci\u00f3n no SERVIZO DE AXUDA A DOMICILIO fronte ao coronavirus<\/a><\/li>\n<li><a href=\"http:\/\/issga.xunta.gal\/portal\/contido\/actualidade\/novas\/nova_1253.html\">Prevenci\u00f3n nas ACTIVIDADES FORESTAIS fronte ao coronavirus<\/a><\/li>\n<li><a href=\"http:\/\/issga.xunta.gal\/portal\/contido\/actualidade\/novas\/nova_1249.html\">Prevenci\u00f3n nas OBRAS DE CONSTRUCI\u00d3N fronte ao coronavirus<\/a><\/li>\n<li><a href=\"http:\/\/issga.xunta.gal\/portal\/contido\/actualidade\/novas\/nova_1248.html\">Prevenci\u00f3n na ATENCI\u00d3N DE CHAMADAS TELEF\u00d3NICAS fronte ao coronavirus<\/a><\/li>\n<li><a href=\"http:\/\/issga.xunta.gal\/portal\/contido\/actualidade\/novas\/nova_1246.html\">Prevenci\u00f3n nos CENTROS ESPECIAIS DE EMPREGO fronte ao coronavirus<\/a><\/li>\n<li><a href=\"http:\/\/issga.xunta.gal\/portal\/contido\/actualidade\/novas\/nova_1252.html\">Preveni\u00f3n nas OFICINAS DE FARMACIA fronte ao coronavirus<\/a><\/li>\n<li><a href=\"http:\/\/issga.xunta.gal\/portal\/contido\/actualidade\/novas\/nova_1251.html\">Prevenci\u00f3n nas TINTURAR\u00cdAS fronte ao coronavirus<\/a>\n<\/li>\n<li><a href=\"http:\/\/issga.xunta.gal\/portal\/contido\/actualidade\/novas\/nova_1243.html\">Recomendaci\u00f3ns de prevenci\u00f3n no TRABALLO fronte ao coronavirus<\/a><\/li>\n<li><a href=\"http:\/\/issga.xunta.gal\/portal\/recursos\/descargas\/documentacion\/publicacions\/INFOGRAFIA_ISSGA_PREVENCIxN_NO_TRABALLO_FRONTE_AO_NOVO_CORONAVIRUS.pdf\">Protecci\u00f3n no TRABALLO fronte ao novo coronavirus<\/a><\/li>\n<\/ul>\n<p>\u00a0<br \/>XUNTA DE GALICIA<\/p>\n<ul>\n<li><a href=\"https:\/\/ceei.xunta.gal\/coronavirus\">Informaci\u00f3n econ\u00f3mica e li\u00f1as de axuda_Conseller\u00eda de Econom\u00eda, Emprego e Industria<\/a><\/li>\n<li><a href=\"http:\/\/issga.xunta.gal\/portal\/contido\/documentacion\/publicacions\/divulgacion\/doc_0095.html\">Medidas contra o coronavirus_Informaci\u00f3n de utilidade nas EMPRESAS<\/a><\/li>\n<li><a href=\"https:\/\/coronavirus.sergas.gal\/Contidos\/Documents\/160\/Actualizacion_IT.pdf\">Actualizaci\u00f3n do procedemento de actuaci\u00f3n na incapacidade temporal na atenci\u00f3n primaria fronte \u00e1 exposici\u00f3n ao novo coronavirus en Galicia<\/a><\/li>\n<li><a href=\"https:\/\/coronavirus.sergas.es\/\">Sergas<\/a><\/li>\n<li><a>Instruci\u00f3ns xerais de actuaci\u00f3n_COVID-19_Direcci\u00f3n xeral de Enerx\u00eda e Minas<\/a><\/li>\n<\/ul>\n<p>\u00a0INSST<\/p>\n<ul>\n<li><a href=\"https:\/\/www.insst.es\/documents\/94886\/693030\/Prevenci%C3%B3n+de+riesgos+laborales+vs.+COVID-19+-+Compendio+no+exhaustivo+de+fuentes+de+informaci%C3%B3n\/4098124f-5324-43a6-8881-0bbd4e358de7\">Prevenci\u00f3n de riscos laborais vs. COVID-19- Compendio non exhaustivo de fontes de informaci\u00f3n<\/a><\/li>\n<li><a href=\"https:\/\/www.insst.es\/-\/orientaciones-ergonomicas-para-trabajos-a-distancia-con-ordenador-debido-al-covid-19\">Orientaci\u00f3ns ergon\u00f3micas para traballos a distancia con ordenador debido ao COVID-19<\/a><\/li>\n<li><a href=\"https:\/\/www.insst.es\/el-instituto-al-dia\/directrices-de-buenas-practicas-para-prevenir-el-riesgo-de-exposicion-laboral-al-coronavirus-sars-cov-2-por-actividades\/sectores\">Directrices de boas pr\u00e1cticas para previr o risco de exposici\u00f3n laboral ao coronavirus SARS-CoV-2 por actividades\/sectores<\/a><\/li>\n<li><a href=\"https:\/\/www.insst.es\/espacio-campana-covid-19\">Espacio COVID-1<\/a><a href=\"https:\/\/www.insst.es\/espacio-campana-covid-19\">9<\/a><\/li>\n<li><a href=\"https:\/\/www.insst.es\/documentacion\/catalogo-de-publicaciones\/riesgos-psicosociales-y-trabajo-a-distancia-por-covid-19.-recomendaciones-para-el-empleado\">Riscos psicosociais e traballo a distancia por Covid-19. Recomendaci\u00f3ns para o empregador &#8211; Ano 2020<\/a><\/li>\n<li><a href=\"https:\/\/www.insst.es\/documents\/94886\/712882\/Riesgos+psicosociales+y+trabajo+a+distancia+por+Covid-19.+Recomendaciones+para+el+empleador.pdf\/70cb49b6-6e47-49d1-8f3c-29c36e5a0d0f\">Prevenci\u00f3n de riscos psicosociais en situaci\u00f3ns de traballo a distancia debida ao Covid-19. Recomendaci\u00f3ns para o empregador<\/a><\/li>\n<li><a href=\"https:\/\/www.insst.es\/documents\/94886\/712877\/Verificaci%C3%B3n+de+certificados+o+informes+que+acompa%C3%B1an+a+los+EPI\/1f104b83-1456-4c14-b1c0-20517f3174d1\">Verificaci\u00f3n de certificados\/informes que acompa\u00f1an aos EPI<\/a><\/li>\n<li><a href=\"https:\/\/www.insst.es\/documents\/94886\/693030\/D%C3%ADptico.+Respira+con+seguridad.+Mascarilla+dual\/1a14b079-9f4c-4a14-bf57-e6b0a8b96f65\">Respira con seguridade_Para protexerte un EPI<\/a><\/li>\n<li><a href=\"https:\/\/www.insst.es\/documents\/94886\/599872\/D%C3%ADptico+Guantes+de+uso+dual+-+A%C3%B1o+2019.pdf\/793005c3-db56-4330-8a83-c3be8c80e2a2\">Nas t\u00faas m\u00e1ns est\u00e1 a seguridade_Para protexerte un EPI<\/a><\/li>\n<\/ul>\n<p>\u00a0MINISTERIO DE SANIDADE<\/p>\n<ul>\n<li><a href=\"https:\/\/www.mscbs.gob.es\/gabinetePrensa\/notaPrensa\/pdf\/GUIA110420172227802.pdf\" target=\"_self\">Boas pr\u00e1cticas nos centros de traballo. Medidas para a prevenci\u00f3n de contaxios do COVID-19<\/a><\/li>\n<li><a href=\"https:\/\/www.mscbs.gob.es\/profesionales\/saludPublica\/ccayes\/alertasActual\/nCov-China\/documentos\/PrevencionRRLL_COVID-19.pdf\">Procedemento de actuaci\u00f3n para os servizos de prevenci\u00f3n de riscos laborais fronte \u00e1 exposici\u00f3n ao novo coronavirus (SARS- COV-2<\/a><\/li>\n<li><a href=\"https:\/\/www.mscbs.gob.es\/profesionales\/saludPublica\/ccayes\/alertasActual\/nCov-China\/documentos\/Listado_virucidas.pdf\" target=\"_self\">Listaxe de virucidas autorizados en Espa\u00f1a para uso ambiental (PT2), industria alimentaria (PT4) e hixiene humana ((PT1)<\/a><\/li>\n<li><a href=\"https:\/\/www.mscbs.gob.es\/profesionales\/saludPublica\/ccayes\/alertasActual\/nCov-China\/documentos\/Residencias_y_centros_sociosanitarios_COVID-19.pdf\">Gu\u00eda de prevenci\u00f3n e control fronte ao COVID-19 en residencias de maiores e outros centros de servizos sociais de car\u00e1cter residencial<\/a><\/li>\n<li><a href=\"https:\/\/www.mscbs.gob.es\/profesionales\/saludPublica\/ccayes\/alertasActual\/nCov-China\/documentos.htm\">Documentos t\u00e9cnicos para profesionais<\/a><\/li>\n<\/ul>\n<p>\u00a0<br \/>MINISTERIO DE TRABALLO<\/p>\n<ul>\n<li><a href=\"http:\/\/www.mitramiss.gob.es\/ficheros\/ministerio\/inicio_destacados\/Gua_Definitiva.pdf\">Gu\u00eda para a actuaci\u00f3n no \u00e1mbito laboral en relaci\u00f3n ao novo coronavirus<\/a><\/li>\n<\/ul>\n<p>\u00a0MINISTERIO DE INDUSTRIA, COMERCIO E INDUSTRIA<\/p>\n<ul>\n<li><a href=\"https:\/\/www.mincotur.gob.es\/es-es\/COVID-19\/Paginas\/guias-para-fabricacion-de-mascarillas-y-ropa-de-proteccion.aspx\">Gu\u00edas para a fabricaci\u00f3n de m\u00e1scaras e roupa de traballo_MINCOTUR<\/a><\/li>\n<\/ul>\n<p>\u00a0<br \/>ORGANIZACI\u00d3N MUNDIAL DE LA SALUD<\/p>\n<ul>\n<li><a href=\"https:\/\/www.who.int\/health-topics\/coronavirus#tab=tab_1\">Organizaci\u00f3n Mundial de la Salud_Coronavirus<\/a><\/li>\n<\/ul>\n<p>\u00a0CENTRO EUROPEO PARA LA PREVENCI\u00d3N Y EL CONTROL DE ENFERMEDADES (ECDC)<\/p>\n<ul>\n<li><a href=\"https:\/\/www.ecdc.europa.eu\/en\/covid-19-pandemic\">Centro Europeo para la preenci\u00f3n y el control de enfermedades (ECDC)_Covid_19<\/a>\u00a0\u00a0<\/li>\n<\/ul>\n<p>\u00a0AGENCIA ESPA\u00d1OLA DE PROTECCI\u00d3N DE DATOS (AEPD)<\/p>\n<ul>\n<li><a href=\"https:\/\/www.aepd.es\/es\/prensa-y-comunicacion\/notas-de-prensa\/comunicado-aepd-temperatura-establecimientos\">Comunicado da AEPD en relaci\u00f3n coa toma de temperatura por parte de comercios, centros de traballo e outros establecementos<\/a><\/li>\n<li><a href=\"https:\/\/www.aepd.es\/es\/prensa-y-comunicacion\/notas-de-prensa\/aepd-apps-webs-autoevaluacion-coronavirus-privacidad\">Comunicado da AEPD sobre apps e webs de autoavaliaci\u00f3n do Coronavirus<\/a><\/li>\n<li><a href=\"https:\/\/www.aepd.es\/es\/prensa-y-comunicacion\/notas-de-prensa\/la-aepd-publica-un-informe-sobre-los-tratamientos-de-datos-en\">Informe sobre os tratamentos de datos en relaci\u00f3n co COVID-19<\/a><\/li>\n<\/ul>\n<p>\u00a0<br \/>Ligaz\u00f3ns de interese<\/p>\n<ul>\n<li><a title=\"\" href=\"http:\/\/issga.xunta.gal\/portal\/contido\/actualidade\/novas\/nova_1276.html\">Tratamentos de desinfecci\u00f3n en locais comerciais e outras estancias en relaci\u00f3n ao coronavirus<\/a><\/li>\n<li><a title=\"\" href=\"http:\/\/issga.xunta.gal\/portal\/contido\/documentacion\/publicacions\/divulgacion\/doc_0120.html?lang=gl\">Prevenci\u00f3n e sa\u00fade laboral ante o coronavirus nas PERRUQUER\u00cdAS<\/a><\/li>\n<li><a title=\"\" href=\"http:\/\/issga.xunta.gal\/portal\/contido\/documentacion\/publicacions\/divulgacion\/doc_0119.html\">Prevenci\u00f3n e sa\u00fade laboral ante o coronavirus no COMERCIO<\/a><\/li>\n<li><a title=\"\" href=\"http:\/\/issga.xunta.gal\/portal\/contido\/documentacion\/publicacions\/divulgacion\/doc_0117.html?lang=gl\">Prevenci\u00f3n e sa\u00fade laboral ante o coronavirus nas OFICINAS<\/a><\/li>\n<li><a title=\"\" href=\"http:\/\/issga.xunta.gal\/portal\/contido\/documentacion\/publicacions\/divulgacion\/doc_0096.html?lang=gl\">Prevenci\u00f3n e sa\u00fade laboral ante o coronavirus nos SUPERMERCADOS<\/a><\/li>\n<li><a title=\"\" href=\"http:\/\/issga.xunta.gal\/portal\/contido\/documentacion\/publicacions\/divulgacion\/doc_0116.html?lang=gl\">Prevenci\u00f3n e sa\u00fade laboral ante o coronavirus nas OBRAS DE REHABILITACI\u00d3N, REFORMAS E REPARACI\u00d3NS EN EDIFICACI\u00d3NS<\/a><\/li>\n<li><a title=\"\" href=\"http:\/\/issga.xunta.gal\/portal\/contido\/documentacion\/publicacions\/divulgacion\/doc_0115.html\">Prevenci\u00f3n e sa\u00fade laboral ante o coronavirus nas GASOLINEIRAS<\/a><\/li>\n<li><a title=\"\" href=\"http:\/\/issga.xunta.gal\/portal\/contido\/documentacion\/publicacions\/divulgacion\/doc_0114.html\">Prevenci\u00f3n e sa\u00fade laboral ante o coronavirus nas TENDAS DE ALIMENTACI\u00d3N<\/a><\/li>\n<li><a title=\"\" href=\"http:\/\/issga.xunta.gal\/portal\/contido\/documentacion\/publicacions\/divulgacion\/doc_0111.html\">Gu\u00eda de recomendaci\u00f3ns preventivas de sa\u00fade laboral ante o coronavirus<\/a><\/li>\n<li><a title=\"\" href=\"http:\/\/issga.xunta.gal\/portal\/contido\/documentacion\/publicacions\/divulgacion\/doc_0108.html?lang=gl\">Prevenci\u00f3n e sa\u00fade laboral ante o coronavirus na INDUSTRIA EXTRACTIVA<\/a><\/li>\n<li><a title=\"\" href=\"http:\/\/issga.xunta.gal\/portal\/contido\/documentacion\/publicacions\/divulgacion\/doc_0112.html\">Prevenci\u00f3n e sa\u00fade laboral ante o coronavirus no SECTOR DOS \u00c1RIDOS<\/a><\/li>\n<li><a title=\"\" href=\"http:\/\/issga.xunta.gal\/portal\/contido\/documentacion\/publicacions\/divulgacion\/doc_0110.html\">Prevenci\u00f3n e sa\u00fade laboral ante o coronavirus na INDUSTRIA DA AUTOMOCI\u00d3N<\/a><\/li>\n<li><a title=\"\" href=\"http:\/\/issga.xunta.gal\/portal\/contido\/documentacion\/publicacions\/divulgacion\/doc_0109.html\">Prevenci\u00f3n e sa\u00fade laboral ante o coronavirus na INDUSTRIA NAVAL<\/a><\/li>\n<li><a title=\"\" href=\"http:\/\/issga.xunta.gal\/portal\/contido\/documentacion\/publicacions\/divulgacion\/doc_0113.html\">Prevenci\u00f3n e sa\u00fade laboral ante o coronavirus na INDUSTRIA DA LOUSA<\/a><\/li>\n<li><a title=\"\" href=\"http:\/\/issga.xunta.gal\/portal\/contido\/documentacion\/publicacions\/divulgacion\/doc_0107.html\">Prevenci\u00f3n e sa\u00fade laboral ante o coronavirus no SECTOR FORESTAL<\/a><\/li>\n<li><a title=\"\" href=\"http:\/\/issga.xunta.gal\/portal\/contido\/documentacion\/publicacions\/divulgacion\/doc_0106.html\">Prevenci\u00f3n e sa\u00fade laboral ante o coronavirus no SECTOR DA CONSTRUCI\u00d3N<\/a><\/li>\n<li><a title=\"\" href=\"http:\/\/issga.xunta.gal\/portal\/contido\/actualidade\/novas\/nova_1255.html\">Prevenci\u00f3n no SERVIZO DE EMPREGADAS DO FOGAR fronte ao coronavirus<\/a><\/li>\n<li><a title=\"\" href=\"http:\/\/issga.xunta.gal\/portal\/contido\/actualidade\/novas\/nova_1256.html\">Prevenci\u00f3n na INDUSTRIA MANUFACTUREIRA fronte ao coronavirus<\/a><\/li>\n<li><a title=\"\" href=\"http:\/\/issga.xunta.gal\/portal\/contido\/actualidade\/novas\/nova_1254.html\">Prevenci\u00f3n no SERVIZO DE AXUDA A DOMICILIO fronte ao coronavirus<\/a><\/li>\n<li><a title=\"\" href=\"http:\/\/issga.xunta.gal\/portal\/contido\/actualidade\/novas\/nova_1253.html\">Prevenci\u00f3n nas ACTIVIDADES FORESTAIS fronte ao coronavirus<\/a><\/li>\n<li><a title=\"\" href=\"http:\/\/issga.xunta.gal\/portal\/contido\/actualidade\/novas\/nova_1249.html\">Prevenci\u00f3n nas OBRAS DE CONSTRUCI\u00d3N fronte ao coronavirus<\/a><\/li>\n<li><a title=\"\" href=\"http:\/\/issga.xunta.gal\/portal\/contido\/actualidade\/novas\/nova_1248.html\">Prevenci\u00f3n na ATENCI\u00d3N DE CHAMADAS TELEF\u00d3NICAS fronte ao coronavirus<\/a><\/li>\n<li><a title=\"\" href=\"http:\/\/issga.xunta.gal\/portal\/contido\/actualidade\/novas\/nova_1246.html\">Prevenci\u00f3n nos CENTROS ESPECIAIS DE EMPREGO fronte ao coronavirus<\/a><\/li>\n<li><a title=\"\" href=\"http:\/\/issga.xunta.gal\/portal\/contido\/actualidade\/novas\/nova_1252.html\">Preveni\u00f3n nas OFICINAS DE FARMACIA fronte ao coronavirus<\/a><\/li>\n<li><a title=\"\" href=\"http:\/\/issga.xunta.gal\/portal\/contido\/actualidade\/novas\/nova_1251.html\">Prevenci\u00f3n nas TINTURAR\u00cdAS fronte ao coronavirus<\/a><\/li>\n<li><a title=\"\" href=\"http:\/\/issga.xunta.gal\/portal\/recursos\/descargas\/documentacion\/publicacions\/INFOGRAFIA_ISSGA_PREVENCIxN_NO_TRABALLO_FRONTE_AO_NOVO_CORONAVIRUS.pdf\">Protecci\u00f3n no TRABALLO fronte ao novo coronavirus<\/a><\/li>\n<li><a title=\"\" href=\"http:\/\/issga.xunta.gal\/portal\/contido\/documentacion\/publicacions\/divulgacion\/doc_0095.html\">Medidas contra o coronavirus_Informaci\u00f3n de utilidade nas EMPRESAS<\/a><\/li>\n<li><a title=\"\" href=\"https:\/\/www.mscbs.gob.es\/profesionales\/saludPublica\/ccayes\/alertasActual\/nCov-China\/documentos\/PrevencionRRLL_COVID-19.pdf\">Procedemento de actuaci\u00f3n para os servizos de prevenci\u00f3n de riscos laborais fronte \u00e1 exposici\u00f3n ao novo coronavirus (SARS- COV-2)<\/a><\/li>\n<li><a title=\"\" href=\"https:\/\/www.mscbs.gob.es\/gabinetePrensa\/notaPrensa\/pdf\/GUIA110420172227802.pdf\">Boas pr\u00e1cticas nos centros de traballo. Medidas para a prevenci\u00f3n de contaxios do COVID-19<\/a><\/li>\n<li><a title=\"\" href=\"https:\/\/www.mscbs.gob.es\/profesionales\/saludPublica\/ccayes\/alertasActual\/nCov-China\/documentos\/Listado_virucidas.pdf\">Listaxe de virucidas autorizados en Espa\u00f1a para uso ambiental (PT2), industria alimentaria (PT4) e hixiene humana ((PT1)<\/a><\/li>\n<li><a title=\"\" href=\"https:\/\/www.mscbs.gob.es\/profesionales\/saludPublica\/ccayes\/alertasActual\/nCov-China\/documentos\/Residencias_y_centros_sociosanitarios_COVID-19.pdf\">Gu\u00eda de prevenci\u00f3n e control fronte ao COVID-19 en residencias de maiores e outros centros de servizos sociais de car\u00e1cter residencial<\/a><\/li>\n<li><a title=\"\" href=\"http:\/\/www.mitramiss.gob.es\/ficheros\/ministerio\/inicio_destacados\/Gua_Definitiva.pdf\">Gu\u00eda para a actuaci\u00f3n no \u00e1mbito laboral en relaci\u00f3n ao novo coronavirus<\/a><\/li>\n<li><a title=\"\" href=\"https:\/\/www.mincotur.gob.es\/es-es\/COVID-19\/Paginas\/guias-para-fabricacion-de-mascarillas-y-ropa-de-proteccion.aspx\">Gu\u00edas para a fabricaci\u00f3n de m\u00e1scaras e roupa de traballo_MINCOTUR<\/a><\/li>\n<li><a title=\"\" href=\"http:\/\/issga.xunta.gal\/portal\/recursos\/descargas\/Actividade\/MINERxA_PAUTAS_OU_INSTRUCIONS_XERAIS_e_ANEXO__M1.pdf\">Instruci\u00f3ns xerais de actuaci\u00f3n_COVID-19_Direcci\u00f3n xeral de Enerx\u00eda e Minas<\/a><\/li>\n<li><a title=\"\" href=\"https:\/\/www.insst.es\/documents\/94886\/693030\/Prevenci%C3%B3n+de+riesgos+laborales+vs.+COVID-19+-+Compendio+no+exhaustivo+de+fuentes+de+informaci%C3%B3n\/4098124f-5324-43a6-8881-0bbd4e358de7\">Prevenci\u00f3n de riscos laborais vs. COVID-19- Compendio non exhaustivo de fontes de informaci\u00f3n-INSST<\/a><\/li>\n<li><a title=\"\" href=\"https:\/\/www.insst.es\/-\/orientaciones-ergonomicas-para-trabajos-a-distancia-con-ordenador-debido-al-covid-19\">Orientaci\u00f3ns ergon\u00f3micas para traballos a distancia con ordenador debido ao COVID-19<\/a><\/li>\n<li><a title=\"\" href=\"https:\/\/www.insst.es\/el-instituto-al-dia\/directrices-de-buenas-practicas-para-prevenir-el-riesgo-de-exposicion-laboral-al-coronavirus-sars-cov-2-por-actividades\/sectores\">Directrices de boas pr\u00e1cticas para previr o risco de exposici\u00f3n laboral ao coronavirus SARS-CoV-2 por actividades\/sectores _INSST<\/a><\/li>\n<li><a title=\"\" href=\"https:\/\/www.insst.es\/documentacion\/catalogo-de-publicaciones\/riesgos-psicosociales-y-trabajo-a-distancia-por-covid-19.-recomendaciones-para-el-empleado\">Riscos psicosociais e traballo a distancia por Covid-19. Recomendaci\u00f3ns para o empregador &#8211; INSST &#8211; Ano 2020<\/a><\/li>\n<li><a title=\"\" href=\"https:\/\/www.insst.es\/documents\/94886\/712882\/Riesgos+psicosociales+y+trabajo+a+distancia+por+Covid-19.+Recomendaciones+para+el+empleador.pdf\/70cb49b6-6e47-49d1-8f3c-29c36e5a0d0f\">Prevenci\u00f3n de riscos psicosociais en situaci\u00f3ns de traballo a distancia debida ao Covid-19. Recomendaci\u00f3ns para o empregador &#8211; INSST<\/a><\/li>\n<li><a title=\"\" href=\"https:\/\/www.insst.es\/documents\/94886\/693030\/D%C3%ADptico.+Respira+con+seguridad.+Mascarilla+dual\/1a14b079-9f4c-4a14-bf57-e6b0a8b96f65\">Respira con seguridade_Para protexerte un EPI_INSST<\/a><\/li>\n<li><a title=\"\" href=\"https:\/\/www.insst.es\/documents\/94886\/599872\/D%C3%ADptico+Guantes+de+uso+dual+-+A%C3%B1o+2019.pdf\/793005c3-db56-4330-8a83-c3be8c80e2a2\">Nas t\u00faas m\u00e1ns est\u00e1 a seguridade_Para protexerte un EPI_INSST<\/a><\/li>\n<li><a title=\"\" href=\"https:\/\/coronavirus.sergas.es\/\">Conseller\u00eda de Sanidade<\/a><\/li>\n<li><a title=\"\" href=\"https:\/\/coronavirus.sergas.gal\/Contidos\/Documents\/160\/Actualizacion_IT.pdf\">Actualizaci\u00f3n do procedemento de actuaci\u00f3n na incapacidade temporal na atenci\u00f3n primaria fronte \u00e1 exposici\u00f3n ao novo coronavirus en Galicia<\/a><\/li>\n<li><a title=\"\" href=\"https:\/\/www.who.int\/health-topics\/coronavirus#tab=tab_1\">Organizaci\u00f3n Mundial de la Salud_Coronavirus<\/a><\/li>\n<li><a title=\"\" href=\"https:\/\/www.ecdc.europa.eu\/en\/covid-19-pandemic\">Centro Europeo para la preenci\u00f3n y el control de enfermedades (ECDC)<\/a><\/li>\n<li><a title=\"\" href=\"https:\/\/www.aepd.es\/es\/prensa-y-comunicacion\/notas-de-prensa\">Agencia Espa\u00f1ola de Protecci\u00f3n de Datos (AEPD)<\/a><\/li>\n<\/ul>\n","protected":false},"excerpt":{"rendered":"<p>O\u00a0Instituto de Seguridade e Sa\u00fade Laboral de Galicia elaborou\u00a0diversos documentos nos que se recollen\u00a0recomendaci\u00f3ns preventivas b\u00e1sicas que se deben ter en conta nos centros de traballo segundo as\u00a0informaci\u00f3ns das autoridades sanitarias\u00a0sobre o Coronavirus Covid-19 O\u00a0Instituto de Seguridade e Sa\u00fade Laboral de Galicia elaborou\u00a0diversos documentos nos que se recollen\u00a0recomendaci\u00f3ns preventivas b\u00e1sicas que se deben ter en [&hellip;]<\/p>\n","protected":false},"author":3,"featured_media":24580,"comment_status":"open","ping_status":"closed","sticky":false,"template":"","format":"standard","meta":{"slim_seo":{"title":"Recomendaci\u00f3ns preventivas b\u00e1sicas para os diferentes centros de traballo - Concello de Zas","description":"O\u00a0Instituto de Seguridade e Sa\u00fade Laboral de Galicia elaborou\u00a0diversos documentos nos que se recollen\u00a0recomendaci\u00f3ns preventivas b\u00e1sicas que se deben ter en con"},"footnotes":""},"categories":[10],"tags":[],"class_list":["post-24579","post","type-post","status-publish","format-standard","has-post-thumbnail","hentry","category-concello"],"_links":{"self":[{"href":"https:\/\/concellodezas.gal\/en\/wp-json\/wp\/v2\/posts\/24579","targetHints":{"allow":["GET"]}}],"collection":[{"href":"https:\/\/concellodezas.gal\/en\/wp-json\/wp\/v2\/posts"}],"about":[{"href":"https:\/\/concellodezas.gal\/en\/wp-json\/wp\/v2\/types\/post"}],"author":[{"embeddable":true,"href":"https:\/\/concellodezas.gal\/en\/wp-json\/wp\/v2\/users\/3"}],"replies":[{"embeddable":true,"href":"https:\/\/concellodezas.gal\/en\/wp-json\/wp\/v2\/comments?post=24579"}],"version-history":[{"count":0,"href":"https:\/\/concellodezas.gal\/en\/wp-json\/wp\/v2\/posts\/24579\/revisions"}],"wp:featuredmedia":[{"embeddable":true,"href":"https:\/\/concellodezas.gal\/en\/wp-json\/wp\/v2\/media\/24580"}],"wp:attachment":[{"href":"https:\/\/concellodezas.gal\/en\/wp-json\/wp\/v2\/media?parent=24579"}],"wp:term":[{"taxonomy":"category","embeddable":true,"href":"https:\/\/concellodezas.gal\/en\/wp-json\/wp\/v2\/categories?post=24579"},{"taxonomy":"post_tag","embeddable":true,"href":"https:\/\/concellodezas.gal\/en\/wp-json\/wp\/v2\/tags?post=24579"}],"curies":[{"name":"wp","href":"https:\/\/api.w.org\/{rel}","templated":true}]}}