{"id":24575,"date":"2020-05-06T16:17:24","date_gmt":"2020-05-06T14:17:24","guid":{"rendered":"https:\/\/concellodezas.gal\/horarios-para-sair-pasear-e-facer-deporte-no-concello-de-zas\/"},"modified":"2025-09-25T11:51:23","modified_gmt":"2025-09-25T09:51:23","slug":"horarios-para-sair-pasear-e-facer-deporte-no-concello-de-zas","status":"publish","type":"post","link":"https:\/\/concellodezas.gal\/en\/horarios-para-sair-pasear-e-facer-deporte-no-concello-de-zas\/","title":{"rendered":"Horarios para sa\u00edr pasear e facer deporte no Concello de Zas"},"content":{"rendered":"<p>Estes son os horarios para os municipios de menos de 5.000 habitantes como \u00e9 o caso do\u00a0Concello de Zas<br \/>\u00a0<\/p>\n<p>A partir de ma\u00f1\u00e1, 2 de maio, perm\u00edtese sa\u00edr para pasear e facer deporte. Estes son os horarios para os municipios de menos de 5.000 habitantes como \u00e9 o caso do\u00a0Concello de Zas<\/p>\n<p>Importante:<\/p>\n<ol>\n<li>Mant\u00e9n unha distancia interpersoal 1-2 metros<\/li>\n<li>Lava as mans frecuentemente<\/li>\n<li>Evita lugares concurridos<\/li>\n<\/ol>\n<p><strong>NON poder\u00e1n sa\u00edr aquelas persoas con s\u00edntomas do Covid-19 ou en corentena<\/strong><\/p>\n","protected":false},"excerpt":{"rendered":"<p>Estes son os horarios para os municipios de menos de 5.000 habitantes como \u00e9 o caso do\u00a0Concello de Zas\u00a0 A partir de ma\u00f1\u00e1, 2 de maio, perm\u00edtese sa\u00edr para pasear e facer deporte. Estes son os horarios para os municipios de menos de 5.000 habitantes como \u00e9 o caso do\u00a0Concello de Zas Importante: Mant\u00e9n unha [&hellip;]<\/p>\n","protected":false},"author":3,"featured_media":24576,"comment_status":"open","ping_status":"closed","sticky":false,"template":"","format":"standard","meta":{"slim_seo":{"title":"Horarios para sa\u00edr pasear e facer deporte no Concello de Zas - Concello de Zas","description":"Estes son os horarios para os municipios de menos de 5.000 habitantes como \u00e9 o caso do\u00a0Concello de Zas \u00a0 A partir de ma\u00f1\u00e1, 2 de maio, perm\u00edtese sa\u00edr para pasear"},"footnotes":""},"categories":[10],"tags":[],"class_list":["post-24575","post","type-post","status-publish","format-standard","has-post-thumbnail","hentry","category-concello"],"_links":{"self":[{"href":"https:\/\/concellodezas.gal\/en\/wp-json\/wp\/v2\/posts\/24575","targetHints":{"allow":["GET"]}}],"collection":[{"href":"https:\/\/concellodezas.gal\/en\/wp-json\/wp\/v2\/posts"}],"about":[{"href":"https:\/\/concellodezas.gal\/en\/wp-json\/wp\/v2\/types\/post"}],"author":[{"embeddable":true,"href":"https:\/\/concellodezas.gal\/en\/wp-json\/wp\/v2\/users\/3"}],"replies":[{"embeddable":true,"href":"https:\/\/concellodezas.gal\/en\/wp-json\/wp\/v2\/comments?post=24575"}],"version-history":[{"count":0,"href":"https:\/\/concellodezas.gal\/en\/wp-json\/wp\/v2\/posts\/24575\/revisions"}],"wp:featuredmedia":[{"embeddable":true,"href":"https:\/\/concellodezas.gal\/en\/wp-json\/wp\/v2\/media\/24576"}],"wp:attachment":[{"href":"https:\/\/concellodezas.gal\/en\/wp-json\/wp\/v2\/media?parent=24575"}],"wp:term":[{"taxonomy":"category","embeddable":true,"href":"https:\/\/concellodezas.gal\/en\/wp-json\/wp\/v2\/categories?post=24575"},{"taxonomy":"post_tag","embeddable":true,"href":"https:\/\/concellodezas.gal\/en\/wp-json\/wp\/v2\/tags?post=24575"}],"curies":[{"name":"wp","href":"https:\/\/api.w.org\/{rel}","templated":true}]}}