{"id":24443,"date":"2019-10-16T16:08:28","date_gmt":"2019-10-16T14:08:28","guid":{"rendered":"https:\/\/concellodezas.gal\/retirado-un-abeneiro-que-caera-sobre-a-canle-do-rio-grande\/"},"modified":"2025-09-25T11:50:19","modified_gmt":"2025-09-25T09:50:19","slug":"retirado-un-abeneiro-que-caera-sobre-a-canle-do-rio-grande","status":"publish","type":"post","link":"https:\/\/concellodezas.gal\/en\/retirado-un-abeneiro-que-caera-sobre-a-canle-do-rio-grande\/","title":{"rendered":"Retirado un abeneiro que caera sobre a canle do R\u00edo Grande"},"content":{"rendered":"<p><em>A ca\u00edda da \u00e1rbore non causou ning\u00fan dano material nin persoal<\/em><\/p>\n<p>\u00a0<\/p>\n<p>Operarios do Concello de Zas retiraron esta semana un abeneiro que caera sobre a canle do R\u00edo Grande \u00e1 altura do paseo fluvial de Baio.<\/p>\n<p>A ca\u00edda da \u00e1rbore non causou ning\u00fan dano material nin persoal e tanto a retirada como a posterior limpeza da zona desenvolveuse dentro da normalidade.<\/p>\n<p>\u00a0<\/p>\n","protected":false},"excerpt":{"rendered":"<p>A ca\u00edda da \u00e1rbore non causou ning\u00fan dano material nin persoal \u00a0 Operarios do Concello de Zas retiraron esta semana un abeneiro que caera sobre a canle do R\u00edo Grande \u00e1 altura do paseo fluvial de Baio. A ca\u00edda da \u00e1rbore non causou ning\u00fan dano material nin persoal e tanto a retirada como a posterior [&hellip;]<\/p>\n","protected":false},"author":3,"featured_media":24444,"comment_status":"open","ping_status":"closed","sticky":false,"template":"","format":"standard","meta":{"slim_seo":{"title":"Retirado un abeneiro que caera sobre a canle do R\u00edo Grande - Concello de Zas","description":"A ca\u00edda da \u00e1rbore non causou ning\u00fan dano material nin persoal \u00a0 Operarios do Concello de Zas retiraron esta semana un abeneiro que caera sobre a canle do R\u00edo Gr"},"footnotes":""},"categories":[10],"tags":[],"class_list":["post-24443","post","type-post","status-publish","format-standard","has-post-thumbnail","hentry","category-concello"],"_links":{"self":[{"href":"https:\/\/concellodezas.gal\/en\/wp-json\/wp\/v2\/posts\/24443","targetHints":{"allow":["GET"]}}],"collection":[{"href":"https:\/\/concellodezas.gal\/en\/wp-json\/wp\/v2\/posts"}],"about":[{"href":"https:\/\/concellodezas.gal\/en\/wp-json\/wp\/v2\/types\/post"}],"author":[{"embeddable":true,"href":"https:\/\/concellodezas.gal\/en\/wp-json\/wp\/v2\/users\/3"}],"replies":[{"embeddable":true,"href":"https:\/\/concellodezas.gal\/en\/wp-json\/wp\/v2\/comments?post=24443"}],"version-history":[{"count":0,"href":"https:\/\/concellodezas.gal\/en\/wp-json\/wp\/v2\/posts\/24443\/revisions"}],"wp:featuredmedia":[{"embeddable":true,"href":"https:\/\/concellodezas.gal\/en\/wp-json\/wp\/v2\/media\/24444"}],"wp:attachment":[{"href":"https:\/\/concellodezas.gal\/en\/wp-json\/wp\/v2\/media?parent=24443"}],"wp:term":[{"taxonomy":"category","embeddable":true,"href":"https:\/\/concellodezas.gal\/en\/wp-json\/wp\/v2\/categories?post=24443"},{"taxonomy":"post_tag","embeddable":true,"href":"https:\/\/concellodezas.gal\/en\/wp-json\/wp\/v2\/tags?post=24443"}],"curies":[{"name":"wp","href":"https:\/\/api.w.org\/{rel}","templated":true}]}}