{"id":24410,"date":"2019-08-02T17:06:40","date_gmt":"2019-08-02T15:06:40","guid":{"rendered":"https:\/\/concellodezas.gal\/chega-unha-intensa-festa-da-carballeira-con-propostas-para-toda-a-vecinanza\/"},"modified":"2025-09-25T11:50:03","modified_gmt":"2025-09-25T09:50:03","slug":"chega-unha-intensa-festa-da-carballeira-con-propostas-para-toda-a-vecinanza","status":"publish","type":"post","link":"https:\/\/concellodezas.gal\/en\/chega-unha-intensa-festa-da-carballeira-con-propostas-para-toda-a-vecinanza\/","title":{"rendered":"Chega unha intensa Festa da Carballeira con propostas para toda a veci\u00f1anza"},"content":{"rendered":"<p><em>Concertos, sesi\u00f3n verm\u00fa, mexill\u00f3ns gratis, feira de artesan\u00eda, zona infantil e unha exhibici\u00f3n de talla con motoserra ser\u00e1n alg\u00fans dos pratos fortes dunha das festas por excelencia do noso municipio<\/em><\/p>\n<p>Despois de todo un ano agard\u00e1ndoa, xa est\u00e1 aqu\u00ed unha das nosas festas m\u00e1is populares con repercusi\u00f3n nacional e internacional: a Festa da Carballeira, organizada pola Asociaci\u00f3n Cultural Castro Meda, en colaboraci\u00f3n co Concello de Zas e coa Deputaci\u00f3n de A Coru\u00f1a.<\/p>\n<p>Despois dos concertos de esta noite, ma\u00f1\u00e1 ag\u00e1rdanos unha fermosa xornada na que poderemos gozar desta contorna m\u00e1xica con diferentes actividades para todos os p\u00fablicos. A partir das 12:00 horas, <strong>Os Farrapos<\/strong> comezar\u00e1n a ambientar a xornada na que tam\u00e9n haber\u00e1 <strong>feira de artesan\u00eda<\/strong>, unha <strong>zona infantil<\/strong> e unha <strong>exhibici\u00f3n de talla con motoserra<\/strong> da que se encargar\u00e1 Marcos Mari\u00f1o.<\/p>\n<p>Estes ser\u00e1n os preliminares que lle dar\u00e1n paso \u00e1 <strong>sesi\u00f3n verm\u00fa<\/strong> na que, ao igual que en anos anteriores, se repartir\u00e1n <strong>300 quilos de mexill\u00f3ns de balde<\/strong> entre todos os asistentes. Da parte musical da sesi\u00f3n verm\u00fa encargaranse <strong>Fourth Moon<\/strong>, <strong>Vud\u00fa <\/strong>e as regueifeiras <strong>Lupe Blanco e Alba Mar\u00eda<\/strong>.<\/p>\n<p>Durante o d\u00eda grande da Festa da Carballeira non haber\u00e1 tempo nin para a repousar o xantar xa que \u00e1s 17:30 horas comeza a unha <strong>gran foliada<\/strong> na que os bailadores e bailadoras que o desexen poder\u00e1n bailar ao son dos grupos Chur\u00eda de Zas, As Lerchas de Agualada, Trubisqui\u00f1a de Vimianzo, o grupo de danzas da AA.CC. Veci\u00f1os de Leira, Os Petadores de Zas, Xiradela de Arteixo e Os da Fonte Boa de Sada.<\/p>\n<p>A iso das 20:30 horas trasladar\u00e9monos ao escenario principal da Festa da Carballeira onde comezar\u00e1n os concertos. <strong>Monoulious Dop<\/strong> ser\u00e1n os encargados de abrir a noite cun concerto que non nos deixar\u00e1 indiferentes. <strong>Tanxugueiras, Korrontzi, Tide Lines e Baiuca<\/strong> ser\u00e1n os encargados de que a m\u00fasica non cese ata ben entrada a noite na Carballeira de Velar.<\/p>\n<p><strong>Entradas<\/strong><\/p>\n<p>As entradas para o festival poderanse mercar na entrada da festa con descontos especiais para o bono dos dous d\u00edas. Os asistentes contar\u00e1n con zona de acampada, ba\u00f1os e ducha de xeito totalmente gratu\u00edto. O vaso ecol\u00f3xico \u00e9 outra das iniciativas que tampouco faltar\u00e1 nesta 36\u00aa edici\u00f3n da Festa da Carballeira coa que se reduce de xeito notable o impacto ambiental.<\/p>\n","protected":false},"excerpt":{"rendered":"<p>Concertos, sesi\u00f3n verm\u00fa, mexill\u00f3ns gratis, feira de artesan\u00eda, zona infantil e unha exhibici\u00f3n de talla con motoserra ser\u00e1n alg\u00fans dos pratos fortes dunha das festas por excelencia do noso municipio Despois de todo un ano agard\u00e1ndoa, xa est\u00e1 aqu\u00ed unha das nosas festas m\u00e1is populares con repercusi\u00f3n nacional e internacional: a Festa da Carballeira, organizada [&hellip;]<\/p>\n","protected":false},"author":3,"featured_media":24411,"comment_status":"open","ping_status":"closed","sticky":false,"template":"","format":"standard","meta":{"slim_seo":{"title":"Chega unha intensa Festa da Carballeira con propostas para toda a veci\u00f1anza - Concello de Zas","description":"Concertos, sesi\u00f3n verm\u00fa, mexill\u00f3ns gratis, feira de artesan\u00eda, zona infantil e unha exhibici\u00f3n de talla con motoserra ser\u00e1n alg\u00fans dos pratos fortes dunha das f"},"footnotes":""},"categories":[10],"tags":[],"class_list":["post-24410","post","type-post","status-publish","format-standard","has-post-thumbnail","hentry","category-concello"],"_links":{"self":[{"href":"https:\/\/concellodezas.gal\/en\/wp-json\/wp\/v2\/posts\/24410","targetHints":{"allow":["GET"]}}],"collection":[{"href":"https:\/\/concellodezas.gal\/en\/wp-json\/wp\/v2\/posts"}],"about":[{"href":"https:\/\/concellodezas.gal\/en\/wp-json\/wp\/v2\/types\/post"}],"author":[{"embeddable":true,"href":"https:\/\/concellodezas.gal\/en\/wp-json\/wp\/v2\/users\/3"}],"replies":[{"embeddable":true,"href":"https:\/\/concellodezas.gal\/en\/wp-json\/wp\/v2\/comments?post=24410"}],"version-history":[{"count":0,"href":"https:\/\/concellodezas.gal\/en\/wp-json\/wp\/v2\/posts\/24410\/revisions"}],"wp:featuredmedia":[{"embeddable":true,"href":"https:\/\/concellodezas.gal\/en\/wp-json\/wp\/v2\/media\/24411"}],"wp:attachment":[{"href":"https:\/\/concellodezas.gal\/en\/wp-json\/wp\/v2\/media?parent=24410"}],"wp:term":[{"taxonomy":"category","embeddable":true,"href":"https:\/\/concellodezas.gal\/en\/wp-json\/wp\/v2\/categories?post=24410"},{"taxonomy":"post_tag","embeddable":true,"href":"https:\/\/concellodezas.gal\/en\/wp-json\/wp\/v2\/tags?post=24410"}],"curies":[{"name":"wp","href":"https:\/\/api.w.org\/{rel}","templated":true}]}}