{"id":24382,"date":"2019-07-09T09:34:50","date_gmt":"2019-07-09T07:34:50","guid":{"rendered":"https:\/\/concellodezas.gal\/o-goberno-municipal-de-zas-denuncia-que-o-sergas-non-cubra-as-vacacions-do-persoal-sanitario-dos-centros-de-saude-de-baio-e-de-zas\/"},"modified":"2025-09-25T11:49:47","modified_gmt":"2025-09-25T09:49:47","slug":"o-goberno-municipal-de-zas-denuncia-que-o-sergas-non-cubra-as-vacacions-do-persoal-sanitario-dos-centros-de-saude-de-baio-e-de-zas","status":"publish","type":"post","link":"https:\/\/concellodezas.gal\/en\/o-goberno-municipal-de-zas-denuncia-que-o-sergas-non-cubra-as-vacacions-do-persoal-sanitario-dos-centros-de-saude-de-baio-e-de-zas\/","title":{"rendered":"O goberno municipal de Zas denuncia que o SERGAS non cubra as vacaci\u00f3ns do persoal sanitario dos Centros de Sa\u00fade de Baio e de Zas"},"content":{"rendered":"<p><em>O alcalde, Manuel Mu\u00ed\u00f1o, enviar\u00e1 un escrito esixindo que se adopten as medidas precisas para garantir un servizo de calidade<\/em><\/p>\n<p>\u00a0<\/p>\n<p>O goberno municipal de Zas critica, unha vez m\u00e1is, os recortes en sanidade que est\u00e1n sufrindo os nosos veci\u00f1os e veci\u00f1as. Segundo as queixas recibidas pola veci\u00f1anza, o SERGAS non est\u00e1 a cubrir as vacaci\u00f3ns do persoal sanitario que atende Centros de Sa\u00fade de Baio e de Zas. En concreto tr\u00e1tase de dous m\u00e9dicos titulares que atenden nos Centros de Sa\u00fade de Baio e de Zas.<\/p>\n<p>A falta de facultativos \u00e9 un problema que afecta a toda Galiza, mais as consecuencias non son as mesmas en todo o territorio. No caso do noso concello, a falta de m\u00e9dicos de Atenci\u00f3n Primaria s\u00famase aos recortes no servizo de Pediatr\u00eda que sufrimos dende o ano pasado. Dende ent\u00f3n un especialista presta servizo un total de 15 horas \u00e1 semana repartidas entre os Centros de Sa\u00fade de Zas e de Baio cando anteriormente o fac\u00eda 35 horas ao mes. F\u00f3ra de ese horario, os doentes que o precisen deber\u00e1n ser atendidos polo especialista en Atenci\u00f3n Primaria pero a falta de persoal obriga \u00e1s familias a recorrer ao servizo de urxencias doutros centros hospitalarios para solucionar unha consulta que, en moitos casos, \u00e9 propia da atenci\u00f3n primaria e colapsando as\u00ed as urxencias.<\/p>\n<p>Ante esta situaci\u00f3n, o Alcalde de Zas, Manuel Mu\u00ed\u00f1o Espasand\u00edn, remitiralle un escrito ao SERGAS, que \u00e9 a administraci\u00f3n competente na materia sanitaria, traslad\u00e1ndolle o malestar dos\/as usuarios\/as e do propio Concello de Zas e esixindo que se adopten as medidas precisas para que os nosos veci\u00f1os e veci\u00f1as reciban a atenci\u00f3n m\u00e9dica que precisan e merecen.<\/p>\n","protected":false},"excerpt":{"rendered":"<p>O alcalde, Manuel Mu\u00ed\u00f1o, enviar\u00e1 un escrito esixindo que se adopten as medidas precisas para garantir un servizo de calidade \u00a0 O goberno municipal de Zas critica, unha vez m\u00e1is, os recortes en sanidade que est\u00e1n sufrindo os nosos veci\u00f1os e veci\u00f1as. Segundo as queixas recibidas pola veci\u00f1anza, o SERGAS non est\u00e1 a cubrir as [&hellip;]<\/p>\n","protected":false},"author":3,"featured_media":24383,"comment_status":"open","ping_status":"closed","sticky":false,"template":"","format":"standard","meta":{"slim_seo":{"title":"O goberno municipal de Zas denuncia que o SERGAS non cubra as vacaci\u00f3ns do persoal sanitario dos Centros de Sa\u00fade de Baio e de Zas - Concello de Zas","description":"O alcalde, Manuel Mu\u00ed\u00f1o, enviar\u00e1 un escrito esixindo que se adopten as medidas precisas para garantir un servizo de calidade \u00a0 O goberno municipal de Zas critic"},"footnotes":""},"categories":[10],"tags":[],"class_list":["post-24382","post","type-post","status-publish","format-standard","has-post-thumbnail","hentry","category-concello"],"_links":{"self":[{"href":"https:\/\/concellodezas.gal\/en\/wp-json\/wp\/v2\/posts\/24382","targetHints":{"allow":["GET"]}}],"collection":[{"href":"https:\/\/concellodezas.gal\/en\/wp-json\/wp\/v2\/posts"}],"about":[{"href":"https:\/\/concellodezas.gal\/en\/wp-json\/wp\/v2\/types\/post"}],"author":[{"embeddable":true,"href":"https:\/\/concellodezas.gal\/en\/wp-json\/wp\/v2\/users\/3"}],"replies":[{"embeddable":true,"href":"https:\/\/concellodezas.gal\/en\/wp-json\/wp\/v2\/comments?post=24382"}],"version-history":[{"count":0,"href":"https:\/\/concellodezas.gal\/en\/wp-json\/wp\/v2\/posts\/24382\/revisions"}],"wp:featuredmedia":[{"embeddable":true,"href":"https:\/\/concellodezas.gal\/en\/wp-json\/wp\/v2\/media\/24383"}],"wp:attachment":[{"href":"https:\/\/concellodezas.gal\/en\/wp-json\/wp\/v2\/media?parent=24382"}],"wp:term":[{"taxonomy":"category","embeddable":true,"href":"https:\/\/concellodezas.gal\/en\/wp-json\/wp\/v2\/categories?post=24382"},{"taxonomy":"post_tag","embeddable":true,"href":"https:\/\/concellodezas.gal\/en\/wp-json\/wp\/v2\/tags?post=24382"}],"curies":[{"name":"wp","href":"https:\/\/api.w.org\/{rel}","templated":true}]}}