{"id":24376,"date":"2019-07-02T17:18:45","date_gmt":"2019-07-02T15:18:45","guid":{"rendered":"https:\/\/concellodezas.gal\/rematadas-as-obras-de-rehabilitacion-da-antiga-escola-unitaria-de-mira\/"},"modified":"2025-09-25T11:49:47","modified_gmt":"2025-09-25T09:49:47","slug":"rematadas-as-obras-de-rehabilitacion-da-antiga-escola-unitaria-de-mira","status":"publish","type":"post","link":"https:\/\/concellodezas.gal\/en\/rematadas-as-obras-de-rehabilitacion-da-antiga-escola-unitaria-de-mira\/","title":{"rendered":"Rematadas as obras de rehabilitaci\u00f3n da antiga escola unitaria de Mira"},"content":{"rendered":"<p><em>Con esta actuaci\u00f3n, o Concello de Zas reforza a rede de centros sociais nas parroquias <\/em><\/p>\n<p>O Concello de Zas conta dende hai uns d\u00edas cun novo centro social despois de que rematasen as obras de reforma da <strong>antiga escola unitaria de Mira<\/strong>.<\/p>\n<p>O edificio presentaba problemas de filtraci\u00f3ns que se corrixiron coa renovaci\u00f3n da cuberta, a substituci\u00f3n da carpinter\u00eda exterior e coa reparaci\u00f3n das fachadas do edificio. Coas melloras levadas a cabo, cun investimento de 25.000 euros, a veci\u00f1anza conta agora cun novo espazo para reunirse e no que realizar diferentes actividades culturais e deportivas.<\/p>\n<p>Manuel Mu\u00ed\u00f1o, Alcalde de Zas, destacou que a reforma destes espazos permite reforzar a rede de centros sociais do concello nos que se realizan actividades durante todo o ano, tales como ximnasia, reuni\u00f3ns veci\u00f1ais,\u2026 Esta non \u00e9 a primeira actuaci\u00f3n deste tipo que se leva a cabo dende o goberno do BNG de Zas, se non que no anterior mandato os fondos do Plan De Acci\u00f3n Social (PAS) da Deputaci\u00f3n da Coru\u00f1a permitiron a rehabilitaci\u00f3n das antigas escolas unitarias de Romelle, Zas, Mu\u00ed\u00f1o, San Cremenzo e Carreira. \u00a0<\/p>\n","protected":false},"excerpt":{"rendered":"<p>Con esta actuaci\u00f3n, o Concello de Zas reforza a rede de centros sociais nas parroquias O Concello de Zas conta dende hai uns d\u00edas cun novo centro social despois de que rematasen as obras de reforma da antiga escola unitaria de Mira. O edificio presentaba problemas de filtraci\u00f3ns que se corrixiron coa renovaci\u00f3n da cuberta, [&hellip;]<\/p>\n","protected":false},"author":3,"featured_media":24377,"comment_status":"open","ping_status":"closed","sticky":false,"template":"","format":"standard","meta":{"slim_seo":{"title":"Rematadas as obras de rehabilitaci\u00f3n da antiga escola unitaria de Mira - Concello de Zas","description":"Con esta actuaci\u00f3n, o Concello de Zas reforza a rede de centros sociais nas parroquias O Concello de Zas conta dende hai uns d\u00edas cun novo centro social despois"},"footnotes":""},"categories":[10],"tags":[],"class_list":["post-24376","post","type-post","status-publish","format-standard","has-post-thumbnail","hentry","category-concello"],"_links":{"self":[{"href":"https:\/\/concellodezas.gal\/en\/wp-json\/wp\/v2\/posts\/24376","targetHints":{"allow":["GET"]}}],"collection":[{"href":"https:\/\/concellodezas.gal\/en\/wp-json\/wp\/v2\/posts"}],"about":[{"href":"https:\/\/concellodezas.gal\/en\/wp-json\/wp\/v2\/types\/post"}],"author":[{"embeddable":true,"href":"https:\/\/concellodezas.gal\/en\/wp-json\/wp\/v2\/users\/3"}],"replies":[{"embeddable":true,"href":"https:\/\/concellodezas.gal\/en\/wp-json\/wp\/v2\/comments?post=24376"}],"version-history":[{"count":0,"href":"https:\/\/concellodezas.gal\/en\/wp-json\/wp\/v2\/posts\/24376\/revisions"}],"wp:featuredmedia":[{"embeddable":true,"href":"https:\/\/concellodezas.gal\/en\/wp-json\/wp\/v2\/media\/24377"}],"wp:attachment":[{"href":"https:\/\/concellodezas.gal\/en\/wp-json\/wp\/v2\/media?parent=24376"}],"wp:term":[{"taxonomy":"category","embeddable":true,"href":"https:\/\/concellodezas.gal\/en\/wp-json\/wp\/v2\/categories?post=24376"},{"taxonomy":"post_tag","embeddable":true,"href":"https:\/\/concellodezas.gal\/en\/wp-json\/wp\/v2\/tags?post=24376"}],"curies":[{"name":"wp","href":"https:\/\/api.w.org\/{rel}","templated":true}]}}