{"id":24374,"date":"2019-06-26T19:13:41","date_gmt":"2019-06-26T17:13:41","guid":{"rendered":"https:\/\/concellodezas.gal\/o-concello-de-zas-acondiciona-mais-de-4-400-metros-de-caminos-forestais\/"},"modified":"2025-09-25T11:49:47","modified_gmt":"2025-09-25T09:49:47","slug":"o-concello-de-zas-acondiciona-mais-de-4-400-metros-de-caminos-forestais","status":"publish","type":"post","link":"https:\/\/concellodezas.gal\/en\/o-concello-de-zas-acondiciona-mais-de-4-400-metros-de-caminos-forestais\/","title":{"rendered":"O Concello de Zas acondiciona m\u00e1is de 4.400 metros de cami\u00f1os forestais"},"content":{"rendered":"<p><em>Os traballos consistiron principalmente na apertura e limpeza de cunetas e na mellora do firme<\/em><\/p>\n<p>\u00a0<\/p>\n<p>O Concello de Zas v\u00e9n de rematar a <strong>mellora e a apertura de m\u00e1is de 4.400 metros de cami\u00f1os forestais.<\/strong> As obras, executadas pola empresa Construcciones Damaso Ferreiro e Hijos, S.L., lev\u00e1ronse a cabo en cami\u00f1os pertencentes \u00e1 parroquia de G\u00e1ndara que soportan un alto tr\u00e1fico de veh\u00edculos agr\u00edcolas e que requir\u00edan unha actuaci\u00f3n que garantise a mobilidade e a seguridade circulatoria. Os traballos realiz\u00e1ronse en funci\u00f3n das necesidades de cada cami\u00f1o e, en termos xerais, consistiron na limpeza e apertura de cunetas e na pavimentaci\u00f3n con zahorra.<\/p>\n<p>As obras realiz\u00e1ronse en:<\/p>\n<ul>\n<li>Pista de Budi\u00e1n (norte) \u2013 Cot\u00f3n de Ponteouteiros, 998 metros<\/li>\n<li>Pista de Budi\u00e1n \u2013 Cot\u00f3n de Atr\u00e1s, 139 metros<\/li>\n<li>\u00a0Pista de Budi\u00e1n (sur) \u2013 Cuns, 816 metros<\/li>\n<li>Pista de Budi\u00e1n \u2013 Parga, 886 metros<\/li>\n<li>Pista Quint\u00e1ns de G\u00e1ndara (Cedreiro) 1, 594 metros<\/li>\n<li>Pista Quint\u00e1ns de G\u00e1ndara (Cedreiro) 2, 294 metros<\/li>\n<li>Pista Vilaest\u00e9vez \u2013 Pico de Meda, 701 metros<\/li>\n<\/ul>\n<p>Sumando un total de \u00a0<strong>4.428 metros<\/strong>.<\/p>\n<p>Os traballos completados na parroquia de G\u00e1ndara forman parte do plan de mellora dos cami\u00f1os rurais posto en marcha polo Concello de Zas e no cal se investiron m\u00e1is de 88.000 euros. As melloras afectaron principalmente a diferentes cami\u00f1os forestais das parroquias de G\u00e1ndara, Carreira, Mira, Baio, Lamas, Zas e Santas\u00eda de Roma. Deste xeito, nos \u00faltimos meses reparar\u00e1ronse xa m\u00e1is de 11.000 metros de pistas forestais en todo o municipio.<\/p>\n","protected":false},"excerpt":{"rendered":"<p>Os traballos consistiron principalmente na apertura e limpeza de cunetas e na mellora do firme \u00a0 O Concello de Zas v\u00e9n de rematar a mellora e a apertura de m\u00e1is de 4.400 metros de cami\u00f1os forestais. As obras, executadas pola empresa Construcciones Damaso Ferreiro e Hijos, S.L., lev\u00e1ronse a cabo en cami\u00f1os pertencentes \u00e1 parroquia [&hellip;]<\/p>\n","protected":false},"author":3,"featured_media":24375,"comment_status":"open","ping_status":"closed","sticky":false,"template":"","format":"standard","meta":{"slim_seo":{"title":"O Concello de Zas acondiciona m\u00e1is de 4.400 metros de cami\u00f1os forestais - Concello de Zas","description":"Os traballos consistiron principalmente na apertura e limpeza de cunetas e na mellora do firme \u00a0 O Concello de Zas v\u00e9n de rematar a mellora e a apertura de m\u00e1is"},"footnotes":""},"categories":[10],"tags":[],"class_list":["post-24374","post","type-post","status-publish","format-standard","has-post-thumbnail","hentry","category-concello"],"_links":{"self":[{"href":"https:\/\/concellodezas.gal\/en\/wp-json\/wp\/v2\/posts\/24374","targetHints":{"allow":["GET"]}}],"collection":[{"href":"https:\/\/concellodezas.gal\/en\/wp-json\/wp\/v2\/posts"}],"about":[{"href":"https:\/\/concellodezas.gal\/en\/wp-json\/wp\/v2\/types\/post"}],"author":[{"embeddable":true,"href":"https:\/\/concellodezas.gal\/en\/wp-json\/wp\/v2\/users\/3"}],"replies":[{"embeddable":true,"href":"https:\/\/concellodezas.gal\/en\/wp-json\/wp\/v2\/comments?post=24374"}],"version-history":[{"count":0,"href":"https:\/\/concellodezas.gal\/en\/wp-json\/wp\/v2\/posts\/24374\/revisions"}],"wp:featuredmedia":[{"embeddable":true,"href":"https:\/\/concellodezas.gal\/en\/wp-json\/wp\/v2\/media\/24375"}],"wp:attachment":[{"href":"https:\/\/concellodezas.gal\/en\/wp-json\/wp\/v2\/media?parent=24374"}],"wp:term":[{"taxonomy":"category","embeddable":true,"href":"https:\/\/concellodezas.gal\/en\/wp-json\/wp\/v2\/categories?post=24374"},{"taxonomy":"post_tag","embeddable":true,"href":"https:\/\/concellodezas.gal\/en\/wp-json\/wp\/v2\/tags?post=24374"}],"curies":[{"name":"wp","href":"https:\/\/api.w.org\/{rel}","templated":true}]}}