{"id":23010,"date":"2025-09-01T22:06:57","date_gmt":"2025-09-01T20:06:57","guid":{"rendered":"https:\/\/concellodezas.gal\/?p=23010"},"modified":"2025-12-22T16:47:10","modified_gmt":"2025-12-22T15:47:10","slug":"o-concello-de-zas-pon-en-marcha-o-programa-madrugadores-que-comeza-o-vindeiro-8-de-setembro","status":"publish","type":"post","link":"https:\/\/concellodezas.gal\/en\/o-concello-de-zas-pon-en-marcha-o-programa-madrugadores-que-comeza-o-vindeiro-8-de-setembro\/","title":{"rendered":"O Concello de Zas pon en marcha o Programa Madrugadores que comeza o vindeiro 8 de setembro"},"content":{"rendered":"<p>Por terceiro ano, o Concello de Zas &#8211; coa colaboraci\u00f3n das ANPAs &#8211; pon en marcha o <b>programa de Madrugadores<\/b> para o curso acad\u00e9mico 2025-2026 co se pretende facilitar a conciliaci\u00f3n laboral e familiar da nosa veci\u00f1anza. Este \u00e9 un servizo dirixido ao alumnado do CEIP Labarta Pose e do CPI de Zas para que as familias te\u00f1an a opci\u00f3n de que os seus fillos\/as entren no centro antes do inicio das clases. O servizo prestarase desde o vindeiro 8 de setembro, coincidindo co inicio das clases, at\u00e9 final de curso.<\/p>\n<p>Este \u00e9 un servizo que se ofrece os d\u00edas lectivos en horario de 07:30 a 09:30 horas, sendo as 09:00 horas a \u00faltima hora de entrada. Tam\u00e9n cabe a posibilidade de almorzar durante este tempo e, neste caso, ter\u00e1n que levar o almorzo da casa ao igual que o fan coa merenda do recreo. Os nenos e nenas ser\u00e1n atendidos por persoal cualificado que estar\u00e1 financiado polo Concello de Zas.<\/p>\n<p>O servizo de Madrugadores p\u00f3dese usar de forma continuada (o curso completo); temporal (por meses ou semanas); ou de xeito ocasional (un ou varios d\u00edas concretos). Para as familias, este servizo ten un custo de 20\u20ac ao mes e aplicaranse reduci\u00f3ns para o 2\u00ba fillo\/a e seguintes e para as familias monoparentais.<span class=\"Apple-converted-space\">\u00a0<\/span><\/p>\n<p><b>Inscrici\u00f3ns<\/b><\/p>\n<p>Ao igual que no curso anterior, para a posta en marcha do programa Madrugadores ser\u00e1 necesario que haxa un m\u00ednimo de alumnado usuario.<\/p>\n<p>No caso do <b>CPI de Zas<\/b>, as familias que desexen facer uso deste servizo deber\u00e1n po\u00f1erse en contacto co Concello de Zas (981 70 83 03).<span class=\"Apple-converted-space\">\u00a0<\/span><\/p>\n<p>Mentres que as familias do <b>CEIP Labarta Pose<\/b> deber\u00e1n comunicalo no enderezo electr\u00f3nico <a href=\"mailto:anpalabartapose@gmail.com\">anpalabartapose@gmail.com<\/a> ou a trav\u00e9s do n\u00famero de whatsapp 697 505 999.<\/p>\n","protected":false},"excerpt":{"rendered":"<p>Este \u00e9 un servizo que se lles ofrece \u00e1s familias do CEIP Labarta Pose e do CPI de Zas<\/p>\n","protected":false},"author":5,"featured_media":22986,"comment_status":"open","ping_status":"closed","sticky":false,"template":"","format":"standard","meta":{"slim_seo":{"title":"O Concello de Zas pon en marcha o Programa Madrugadores que comeza o vindeiro 8 de setembro - Concello de Zas","description":"Este \u00e9 un servizo que se lles ofrece \u00e1s familias do CEIP Labarta Pose e do CPI de Zas"},"footnotes":""},"categories":[412],"tags":[],"class_list":["post-23010","post","type-post","status-publish","format-standard","has-post-thumbnail","hentry","category-servizos-sociais"],"_links":{"self":[{"href":"https:\/\/concellodezas.gal\/en\/wp-json\/wp\/v2\/posts\/23010","targetHints":{"allow":["GET"]}}],"collection":[{"href":"https:\/\/concellodezas.gal\/en\/wp-json\/wp\/v2\/posts"}],"about":[{"href":"https:\/\/concellodezas.gal\/en\/wp-json\/wp\/v2\/types\/post"}],"author":[{"embeddable":true,"href":"https:\/\/concellodezas.gal\/en\/wp-json\/wp\/v2\/users\/5"}],"replies":[{"embeddable":true,"href":"https:\/\/concellodezas.gal\/en\/wp-json\/wp\/v2\/comments?post=23010"}],"version-history":[{"count":1,"href":"https:\/\/concellodezas.gal\/en\/wp-json\/wp\/v2\/posts\/23010\/revisions"}],"predecessor-version":[{"id":28970,"href":"https:\/\/concellodezas.gal\/en\/wp-json\/wp\/v2\/posts\/23010\/revisions\/28970"}],"wp:featuredmedia":[{"embeddable":true,"href":"https:\/\/concellodezas.gal\/en\/wp-json\/wp\/v2\/media\/22986"}],"wp:attachment":[{"href":"https:\/\/concellodezas.gal\/en\/wp-json\/wp\/v2\/media?parent=23010"}],"wp:term":[{"taxonomy":"category","embeddable":true,"href":"https:\/\/concellodezas.gal\/en\/wp-json\/wp\/v2\/categories?post=23010"},{"taxonomy":"post_tag","embeddable":true,"href":"https:\/\/concellodezas.gal\/en\/wp-json\/wp\/v2\/tags?post=23010"}],"curies":[{"name":"wp","href":"https:\/\/api.w.org\/{rel}","templated":true}]}}