{"id":23007,"date":"2025-09-13T00:05:07","date_gmt":"2025-09-12T22:05:07","guid":{"rendered":"https:\/\/concellodezas.gal\/?p=23007"},"modified":"2025-12-22T16:47:10","modified_gmt":"2025-12-22T15:47:10","slug":"o-concello-de-zas-ten-aberto-o-proceso-de-contratacion-de-catro-grandes-obras-que-suman-un-total-de-554-61062-euros","status":"publish","type":"post","link":"https:\/\/concellodezas.gal\/en\/o-concello-de-zas-ten-aberto-o-proceso-de-contratacion-de-catro-grandes-obras-que-suman-un-total-de-554-61062-euros\/","title":{"rendered":"O Concello de Zas ten aberto o proceso de contrataci\u00f3n de catro grandes obras que suman un total de 554.610,62 euros"},"content":{"rendered":"<p>&nbsp;<\/p>\n<p>O Concello de Zas ten previsto realizar nos vindeiros meses catro grandes obras que suman un total de 554.610,62 euros e que a d\u00eda de hoxe est\u00e1n en proceso de licitaci\u00f3n.<\/p>\n<p>Un destes proxectos de maior importe \u00e9 a <b>substituci\u00f3n do c\u00e9spede artificial e dos equipamentos deportivos do campo municipal Platas Reinoso de Baio<\/b>. O Concello de Zas ten previsto destinar a estes traballos 264.905,89\u20ac. Segundo o informe t\u00e9cnico e atendendo \u00e1s queixas das persoas usuarias, a herba artificial existente que se instalou a finais do 2007 at\u00f3pase en mal estado causando lesi\u00f3ns e mala xogabilidade. Este \u00e9 un campo que utiliza habitualmente o CD Baio as\u00ed como as Escolas Deportivas do Concello de Zas e tam\u00e9n outras agrupaci\u00f3ns deportivas como \u00e1rbitros, escola de porteiros, escolas do RCD da Coru\u00f1a, selecci\u00f3ns da Costa,\u2026<\/p>\n<p>Outra das obras que est\u00e1 en proceso de licitaci\u00f3n \u00e9 a <b>mellora da capa de rodadura no acceso a Meanos,<\/b> \u00e1 que se destinar\u00e1n 97.121,86\u20ac. Os traballos consisten principalmente na aplicaci\u00f3n dunha capa de aglomerado.<span class=\"Apple-converted-space\">\u00a0<\/span><\/p>\n<p>Nas vindeiras semanas tam\u00e9n se po\u00f1er\u00e1 en marcha un dos proxectos pioneiros na comarca; o <b>Parque Cient\u00edfico e Tecnol\u00f3xico da Costa da Morte<\/b> que se situar\u00e1 na parroquia de Lamas, concretamente no Parque Empresarial de O Allo. E para iso xa est\u00e1 na fase de avaliaci\u00f3n a licitaci\u00f3n da <b>redacci\u00f3n do plan parcial <\/b>que deber\u00e1 completarse nun prazo de 12 meses e que require de diversos informes sectoriais da Xunta antes da s\u00faa aprobaci\u00f3n definitiva. O Concello de Zas destina un total de 96.800 euros \u00e1 redacci\u00f3n deste plan parcial. <span class=\"Apple-converted-space\">\u00a0<\/span><\/p>\n<p>E outra das inversi\u00f3ns que realizar\u00e1 o Concello de Zas proximamente ser\u00e1 a <b>renovaci\u00f3n da cuberta do pavill\u00f3n municipal de Baio<\/b> \u00e1 que se destinar\u00e1 95.782,87\u20ac. Estas obras daranlle soluci\u00f3n \u00e1 problem\u00e1tica actual de filtraci\u00f3n de auga e permitir\u00e1n garantir un servizo \u00f3ptimo. Estes traballos s\u00famanse \u00e1 reforma realizada no ano 2020 nestas instalaci\u00f3ns coas que se melloraron a accesibilidade e a salubridade e permitiron crear un espazo para o ximnasio municipal.<span class=\"Apple-converted-space\">\u00a0<\/span><\/p>\n<p><strong>Melloras na garder\u00eda municipal<\/strong><\/p>\n<p>Estas semanas tam\u00e9n se est\u00e1n levando a cabo os<a href=\"https:\/\/concellodezas.org\/o-concello-de-zas-investiu-mais-de-400-000-euros-nas-obras-de-mellora-do-interior-e-exterior-do-edicifio-da-escola-infantil\/\"><strong> traballos de mellora do interior e do exterior do edificio da Escola Infantil de Zas<\/strong><\/a>, inclu\u00edda na rede p\u00fablica da Gali\u00f1a Azul. Os traballos que se est\u00e1n a realizar actualmente te\u00f1en como obxectivo principal a mellora da eficiencia enerx\u00e9tica coas que se mellorar\u00e1n tam\u00e9n o confort e a habitabilidade do mesmo.<\/p>\n<p>As obras, que comezaron no mes de agosto (aproveitando que o centro estivo pechado polas vacaci\u00f3ns de ver\u00e1n) e que continuar\u00e1n durante as vindeiras semanas, consistiron principalmente na renovaci\u00f3n das fachadas \u2013 que se aillaron co sistema SATE -, da carpinter\u00eda met\u00e1lica e da cuberta. Adem\u00e1is instalouse un sistema de calefacci\u00f3n aerot\u00e9rmico co que se reducir\u00e1 notablemente o consumo enerx\u00e9tico do edificio e ga\u00f1arase en confort.<\/p>\n<p>O Concello de Zas destinou un total de 231.213,71\u20ac a estes traballos e que se suman os\u00a0<a href=\"https:\/\/concellodezas.org\/reabre-a-escola-infantil-de-zas-con-mais-prazas-e-servizos-tras-os-traballos-de-reforma-e-ampliacion-nos-que-o-concello-investiu-mais-de-100-000e\/\">traballos realizados no anos 2022 que permitiron aumentar o n\u00famero de plazas coa creaci\u00f3n de novos espazos<\/a>\u00a0(tales como unha coci\u00f1a) e a instalaci\u00f3n dun ascensor.<span class=\"Apple-converted-space\">\u00a0<\/span><\/p>\n<p>&nbsp;<\/p>\n","protected":false},"excerpt":{"rendered":"<p>Unha das de maior importe \u00e9 a renovaci\u00f3n do c\u00e9spede artificial e dos equipamentos deportivos do campo municipal Platas Reinoso<\/p>\n","protected":false},"author":5,"featured_media":22983,"comment_status":"open","ping_status":"closed","sticky":false,"template":"","format":"standard","meta":{"slim_seo":{"title":"O Concello de Zas ten aberto o proceso de contrataci\u00f3n de catro grandes obras que suman un total de 554.610,62 euros - Concello de Zas","description":"Unha das de maior importe \u00e9 a renovaci\u00f3n do c\u00e9spede artificial e dos equipamentos deportivos do campo municipal Platas Reinoso"},"footnotes":""},"categories":[416],"tags":[426,427,372],"class_list":["post-23007","post","type-post","status-publish","format-standard","has-post-thumbnail","hentry","category-urbanismo","tag-licitacions","tag-obras","tag-zas"],"_links":{"self":[{"href":"https:\/\/concellodezas.gal\/en\/wp-json\/wp\/v2\/posts\/23007","targetHints":{"allow":["GET"]}}],"collection":[{"href":"https:\/\/concellodezas.gal\/en\/wp-json\/wp\/v2\/posts"}],"about":[{"href":"https:\/\/concellodezas.gal\/en\/wp-json\/wp\/v2\/types\/post"}],"author":[{"embeddable":true,"href":"https:\/\/concellodezas.gal\/en\/wp-json\/wp\/v2\/users\/5"}],"replies":[{"embeddable":true,"href":"https:\/\/concellodezas.gal\/en\/wp-json\/wp\/v2\/comments?post=23007"}],"version-history":[{"count":1,"href":"https:\/\/concellodezas.gal\/en\/wp-json\/wp\/v2\/posts\/23007\/revisions"}],"predecessor-version":[{"id":28967,"href":"https:\/\/concellodezas.gal\/en\/wp-json\/wp\/v2\/posts\/23007\/revisions\/28967"}],"wp:featuredmedia":[{"embeddable":true,"href":"https:\/\/concellodezas.gal\/en\/wp-json\/wp\/v2\/media\/22983"}],"wp:attachment":[{"href":"https:\/\/concellodezas.gal\/en\/wp-json\/wp\/v2\/media?parent=23007"}],"wp:term":[{"taxonomy":"category","embeddable":true,"href":"https:\/\/concellodezas.gal\/en\/wp-json\/wp\/v2\/categories?post=23007"},{"taxonomy":"post_tag","embeddable":true,"href":"https:\/\/concellodezas.gal\/en\/wp-json\/wp\/v2\/tags?post=23007"}],"curies":[{"name":"wp","href":"https:\/\/api.w.org\/{rel}","templated":true}]}}