{"id":23006,"date":"2025-09-15T20:00:33","date_gmt":"2025-09-15T18:00:33","guid":{"rendered":"https:\/\/concellodezas.gal\/?p=23006"},"modified":"2025-12-22T16:47:10","modified_gmt":"2025-12-22T15:47:10","slug":"o-concello-de-zas-lanza-unha-nova-proposta-cultural-coa-creacion-de-dous-clubs-de-lectura-un-para-adultos-e-outro-infantil","status":"publish","type":"post","link":"https:\/\/concellodezas.gal\/en\/o-concello-de-zas-lanza-unha-nova-proposta-cultural-coa-creacion-de-dous-clubs-de-lectura-un-para-adultos-e-outro-infantil\/","title":{"rendered":"O Concello de Zas lanza unha nova proposta cultural coa creaci\u00f3n de dous clubs de lectura: un para adultos e outro infantil"},"content":{"rendered":"<p>&nbsp;<\/p>\n<p>O Concello de Zas lanza unha nova proposta cultural coa creaci\u00f3n dun club de lectura para adultos e outro infantil. \u201cEsta iniciativa nace coa idea de fomentar a lectura entre a nosa veci\u00f1anza e tam\u00e9n para a creaci\u00f3n dun novo espazo para o encontro social arredor dos libros\u201d, sinala o Alcalde de Zas, Manuel Mu\u00ed\u00f1o. Estes son uns dos primeiros clubs municipais da comarca.<span class=\"Apple-converted-space\">\u00a0<\/span><\/p>\n<p>Realizaranse reuni\u00f3ns mensuais ao longo de todo o curso 2025-2026 e este ser\u00e1 un punto de encontro para as persoas participantes no que poder\u00e1n compartir as s\u00faas impresi\u00f3ns, intercambiar opini\u00f3ns e crear novas comunidades a trav\u00e9s da cultura.<\/p>\n<p>O <b>Club de Lectura de adultos<\/b> est\u00e1 aberto a toda a veci\u00f1anza e est\u00e1 previsto facer unha xuntanza o segundo xoves de cada mes \u00e1s 19:00 horas na Axencia de Lectura de Baio.<span class=\"Apple-converted-space\">\u00a0<\/span><\/p>\n<p>Para a rapazada de 8 a 11 anos creamos o <b>Club de Lectura infantil \u201cPapap\u00e1xinas\u201d<\/b> que se reunir\u00e1 os xoves cada tres semanas de 17:00 a 18:00 horas na Axencia de Lectura de Baio.<\/p>\n<p><b>Inscrici\u00f3ns<\/b><\/p>\n<p>Estes clubs de lectura poranse en marcha proximamente e para participar \u00e9 necesario anotarse previamente no Centro Sociocultural de Baio ou ben a trav\u00e9s de calquera destes n\u00fameros de tel\u00e9fono 981 718 056 \/ 981 708 303. A inscrici\u00f3n \u00e9 gratu\u00edta.<\/p>\n","protected":false},"excerpt":{"rendered":"<p>Realizaranse xuntanzas mensuais que ter\u00e1n lugar na Axencia de Lectura de Baio<\/p>\n","protected":false},"author":5,"featured_media":22982,"comment_status":"open","ping_status":"closed","sticky":false,"template":"","format":"standard","meta":{"slim_seo":{"title":"O Concello de Zas lanza unha nova proposta cultural coa creaci\u00f3n de dous clubs de lectura: un para adultos e outro infantil - Concello de Zas","description":"Realizaranse xuntanzas mensuais que ter\u00e1n lugar na Axencia de Lectura de Baio"},"footnotes":""},"categories":[413],"tags":[424,425,372],"class_list":["post-23006","post","type-post","status-publish","format-standard","has-post-thumbnail","hentry","category-cultura-e-deportes","tag-biblioteca","tag-lectura","tag-zas"],"_links":{"self":[{"href":"https:\/\/concellodezas.gal\/en\/wp-json\/wp\/v2\/posts\/23006","targetHints":{"allow":["GET"]}}],"collection":[{"href":"https:\/\/concellodezas.gal\/en\/wp-json\/wp\/v2\/posts"}],"about":[{"href":"https:\/\/concellodezas.gal\/en\/wp-json\/wp\/v2\/types\/post"}],"author":[{"embeddable":true,"href":"https:\/\/concellodezas.gal\/en\/wp-json\/wp\/v2\/users\/5"}],"replies":[{"embeddable":true,"href":"https:\/\/concellodezas.gal\/en\/wp-json\/wp\/v2\/comments?post=23006"}],"version-history":[{"count":1,"href":"https:\/\/concellodezas.gal\/en\/wp-json\/wp\/v2\/posts\/23006\/revisions"}],"predecessor-version":[{"id":28966,"href":"https:\/\/concellodezas.gal\/en\/wp-json\/wp\/v2\/posts\/23006\/revisions\/28966"}],"wp:featuredmedia":[{"embeddable":true,"href":"https:\/\/concellodezas.gal\/en\/wp-json\/wp\/v2\/media\/22982"}],"wp:attachment":[{"href":"https:\/\/concellodezas.gal\/en\/wp-json\/wp\/v2\/media?parent=23006"}],"wp:term":[{"taxonomy":"category","embeddable":true,"href":"https:\/\/concellodezas.gal\/en\/wp-json\/wp\/v2\/categories?post=23006"},{"taxonomy":"post_tag","embeddable":true,"href":"https:\/\/concellodezas.gal\/en\/wp-json\/wp\/v2\/tags?post=23006"}],"curies":[{"name":"wp","href":"https:\/\/api.w.org\/{rel}","templated":true}]}}