{"id":23005,"date":"2025-09-21T10:56:53","date_gmt":"2025-09-21T08:56:53","guid":{"rendered":"https:\/\/concellodezas.gal\/?p=23005"},"modified":"2025-12-22T16:47:10","modified_gmt":"2025-12-22T15:47:10","slug":"as-bandeiras-ondearan-a-media-hasta-na-fachada-da-casa-do-concello-de-zas-mentras-non-se-pare-o-xenocidio-do-pobo-palestino-por-parte-do-goberno-de-israel","status":"publish","type":"post","link":"https:\/\/concellodezas.gal\/en\/as-bandeiras-ondearan-a-media-hasta-na-fachada-da-casa-do-concello-de-zas-mentras-non-se-pare-o-xenocidio-do-pobo-palestino-por-parte-do-goberno-de-israel\/","title":{"rendered":"As bandeiras ondear\u00e1n a media hasta na fachada da Casa do Concello de Zas mentras non se pare o xenocidio do pobo palestino por parte do goberno de Israel"},"content":{"rendered":"<p>As bandeiras da fachada da Casa do Concello de Zas onder\u00e1n a media hasta mentras non se pare o xenocidio do pobo palestino por parte do goberno de Israel. As\u00ed o decidiu o equipo de goberno local, encabezado por Manuel Mu\u00ed\u00f1o, co fin de <strong>darlle visibilidade \u00e1 traxedia humana que se est\u00e1 a vivir na Franxa de Gaza<\/strong> que xa deixou m\u00e1is de 65.000 mortes, entre elas 15.000 menores, e obrigou a desprazarse de forma forzosa a m\u00e1is de dous mill\u00f3ns de persoas.<\/p>\n<p>Con este mesmo acto simb\u00f3lico, o Concello de Zas quere<span class=\"Apple-converted-space\">\u00a0 <\/span>amosar a s\u00faa solidaridade co sufrimento do pobo palestino e exixir que o goberno de Israel cese o xenocidio e o crime de lesa hunanidade que esta a perpetrar contra o pobo palestino. O alcalde de Zas, Manuel Mui\u00f1o Espasandin, manifestou que agarda que os concellos galegos, espa\u00f1ois e europeos compartan esta medida e po\u00f1an as suas bandeiras a media hasta para que non se esquenza e sempre se lembre cada d\u00eda o crime que o estado de Israel esta a cometer contra o pobo palestino.<\/p>\n<p>O Concello de Zas demostra as\u00ed o seu compromiso coa paz, a xustiza e a defensa dos dereitos humanos.<span class=\"Apple-converted-space\">\u00a0<\/span><\/p>\n","protected":false},"excerpt":{"rendered":"<p>Con esta medida, o equipo de Goberno Local quere visibilizar a traxedia humanitaria que est\u00e1 a ter lugar en Gaza e que acabou coa vida de m\u00e1is de 65.000 persoas<\/p>\n","protected":false},"author":5,"featured_media":22979,"comment_status":"open","ping_status":"closed","sticky":false,"template":"","format":"standard","meta":{"slim_seo":{"title":"As bandeiras ondear\u00e1n a media hasta na fachada da Casa do Concello de Zas mentras non se pare o xenocidio do pobo palestino por parte do goberno de Israel - Concello de Zas","description":"Con esta medida, o equipo de Goberno Local quere visibilizar a traxedia humanitaria que est\u00e1 a ter lugar en Gaza e que acabou coa vida de m\u00e1is de 65.000 persoas"},"footnotes":""},"categories":[412],"tags":[423,372],"class_list":["post-23005","post","type-post","status-publish","format-standard","has-post-thumbnail","hentry","category-servizos-sociais","tag-concello","tag-zas"],"_links":{"self":[{"href":"https:\/\/concellodezas.gal\/en\/wp-json\/wp\/v2\/posts\/23005","targetHints":{"allow":["GET"]}}],"collection":[{"href":"https:\/\/concellodezas.gal\/en\/wp-json\/wp\/v2\/posts"}],"about":[{"href":"https:\/\/concellodezas.gal\/en\/wp-json\/wp\/v2\/types\/post"}],"author":[{"embeddable":true,"href":"https:\/\/concellodezas.gal\/en\/wp-json\/wp\/v2\/users\/5"}],"replies":[{"embeddable":true,"href":"https:\/\/concellodezas.gal\/en\/wp-json\/wp\/v2\/comments?post=23005"}],"version-history":[{"count":1,"href":"https:\/\/concellodezas.gal\/en\/wp-json\/wp\/v2\/posts\/23005\/revisions"}],"predecessor-version":[{"id":28965,"href":"https:\/\/concellodezas.gal\/en\/wp-json\/wp\/v2\/posts\/23005\/revisions\/28965"}],"wp:featuredmedia":[{"embeddable":true,"href":"https:\/\/concellodezas.gal\/en\/wp-json\/wp\/v2\/media\/22979"}],"wp:attachment":[{"href":"https:\/\/concellodezas.gal\/en\/wp-json\/wp\/v2\/media?parent=23005"}],"wp:term":[{"taxonomy":"category","embeddable":true,"href":"https:\/\/concellodezas.gal\/en\/wp-json\/wp\/v2\/categories?post=23005"},{"taxonomy":"post_tag","embeddable":true,"href":"https:\/\/concellodezas.gal\/en\/wp-json\/wp\/v2\/tags?post=23005"}],"curies":[{"name":"wp","href":"https:\/\/api.w.org\/{rel}","templated":true}]}}