{"id":20186,"date":"2025-08-13T09:22:47","date_gmt":"2025-08-13T07:22:47","guid":{"rendered":"https:\/\/concellodezas.org\/?p=20186"},"modified":"2025-12-22T16:47:10","modified_gmt":"2025-12-22T15:47:10","slug":"o-concello-de-zas-organiza-unha-observacion-astronomica-na-arca-da-piosa-con-jorge-mira","status":"publish","type":"post","link":"https:\/\/concellodezas.gal\/en\/o-concello-de-zas-organiza-unha-observacion-astronomica-na-arca-da-piosa-con-jorge-mira\/","title":{"rendered":"O Concello de Zas organiza unha observaci\u00f3n astron\u00f3mica na Arca da Piosa con Jorge Mira"},"content":{"rendered":"<p>O Concello de Zas organiza o vindeiro luns 25 de agosto \u00e1s 22:00 horas a actividade \u201c<strong>Mirada ao firmamento dende o pasado<\/strong>\u201d, unha proposta pensada para toda a familia que contar\u00e1 co co\u00f1ecido divulgador cient\u00edfico <strong>Jorge Mira<\/strong> como gu\u00eda da observaci\u00f3n astron\u00f3mica.<\/p>\n<p>O punto de encontro ser\u00e1 na igrexa de Santa S\u00eda de Roma (<a href=\"https:\/\/bit.ly\/comochegararoma\" target=\"_blank\" rel=\"noopener\">https:\/\/bit.ly\/comochegararoma<\/a>), desde onde se iniciar\u00e1 unha cami\u00f1ada de aproximadamente 2 quil\u00f3metros ata o <strong>dolmen da Arca da Piosa<\/strong>, un dos monumentos megal\u00edticos m\u00e1is emblem\u00e1ticos do municipio. O percorrido presenta unha dificultade baixa.<\/p>\n<p>Durante a actividade, as persoas asistentes poder\u00e1n contemplar o ceo nocturno e identificar as s\u00faas estrelas e constelaci\u00f3ns m\u00e1is destacadas, guiadas polas explicaci\u00f3ns de Jorge Mira.<\/p>\n<p><strong>Recomendaci\u00f3ns<\/strong><br \/>\nPara unha mellor experiencia, recom\u00e9ndase levar roupa de abrigo, lanterna e unha manta para poder deitarse comodamente durante a observaci\u00f3n.<\/p>\n<p><strong>Inscrici\u00f3ns<\/strong><br \/>\nA participaci\u00f3n \u00e9 gratu\u00edta, pero require inscrici\u00f3n previa a trav\u00e9s do formulario dispo\u00f1ible en <a href=\"https:\/\/bit.ly\/Observacion25\" target=\"_blank\" rel=\"noopener\">https:\/\/bit.ly\/Observacion25<\/a> ou chamando ao tel\u00e9fono 981 718 056.<\/p>\n<p>Con esta proposta, o Concello de Zas contin\u00faa apostando pola divulgaci\u00f3n cient\u00edfica e a posta en valor do patrimonio arqueol\u00f3xico, ofrecendo actividades que combinan natureza, ciencia e cultura nunha contorna \u00fanica.<\/p>\n<p>C\u00f3mpre lembrar que o xeodestino <strong>Costa da Morte<\/strong> recibiu no ano 2023 a certificaci\u00f3n como <strong>Destino Tur\u00edstico Starlight<\/strong>, e que o dolmen da Arca da Piosa forma parte dos miradoiros inclu\u00eddos nesta distinci\u00f3n.<\/p>\n","protected":false},"excerpt":{"rendered":"<p>O Concello de Zas organiza o vindeiro luns 25 de agosto \u00e1s 22:00 horas a actividade \u201cMirada ao firmamento dende o pasado\u201d, unha proposta pensada para toda a familia que contar\u00e1 co co\u00f1ecido divulgador cient\u00edfico Jorge Mira como gu\u00eda da observaci\u00f3n astron\u00f3mica. O punto de encontro ser\u00e1 na igrexa de Santa S\u00eda de Roma (https:\/\/bit.ly\/comochegararoma), [&hellip;]<\/p>\n","protected":false},"author":5,"featured_media":20190,"comment_status":"open","ping_status":"closed","sticky":false,"template":"","format":"standard","meta":{"slim_seo":{"title":"O Concello de Zas organiza unha observaci\u00f3n astron\u00f3mica na Arca da Piosa con Jorge Mira - Concello de Zas","description":"O Concello de Zas organiza o vindeiro luns 25 de agosto \u00e1s 22:00 horas a actividade \u201c Mirada ao firmamento dende o pasado \u201d, unha proposta pensada para toda a f"},"footnotes":""},"categories":[415],"tags":[420,419],"class_list":["post-20186","post","type-post","status-publish","format-standard","has-post-thumbnail","hentry","category-turismo","tag-arca-da-piosa","tag-jorge-mira"],"_links":{"self":[{"href":"https:\/\/concellodezas.gal\/en\/wp-json\/wp\/v2\/posts\/20186","targetHints":{"allow":["GET"]}}],"collection":[{"href":"https:\/\/concellodezas.gal\/en\/wp-json\/wp\/v2\/posts"}],"about":[{"href":"https:\/\/concellodezas.gal\/en\/wp-json\/wp\/v2\/types\/post"}],"author":[{"embeddable":true,"href":"https:\/\/concellodezas.gal\/en\/wp-json\/wp\/v2\/users\/5"}],"replies":[{"embeddable":true,"href":"https:\/\/concellodezas.gal\/en\/wp-json\/wp\/v2\/comments?post=20186"}],"version-history":[{"count":1,"href":"https:\/\/concellodezas.gal\/en\/wp-json\/wp\/v2\/posts\/20186\/revisions"}],"predecessor-version":[{"id":28975,"href":"https:\/\/concellodezas.gal\/en\/wp-json\/wp\/v2\/posts\/20186\/revisions\/28975"}],"wp:featuredmedia":[{"embeddable":true,"href":"https:\/\/concellodezas.gal\/en\/wp-json\/wp\/v2\/media\/20190"}],"wp:attachment":[{"href":"https:\/\/concellodezas.gal\/en\/wp-json\/wp\/v2\/media?parent=20186"}],"wp:term":[{"taxonomy":"category","embeddable":true,"href":"https:\/\/concellodezas.gal\/en\/wp-json\/wp\/v2\/categories?post=20186"},{"taxonomy":"post_tag","embeddable":true,"href":"https:\/\/concellodezas.gal\/en\/wp-json\/wp\/v2\/tags?post=20186"}],"curies":[{"name":"wp","href":"https:\/\/api.w.org\/{rel}","templated":true}]}}