{"id":20142,"date":"2025-08-05T23:48:00","date_gmt":"2025-08-05T21:48:00","guid":{"rendered":"https:\/\/concellodezas.org\/?p=20142"},"modified":"2025-12-22T16:47:11","modified_gmt":"2025-12-22T15:47:11","slug":"os-premios-foucino-presentan-unha-programacion-diversa-comprometida-e-local-para-a-sua-v-edicion","status":"publish","type":"post","link":"https:\/\/concellodezas.gal\/en\/os-premios-foucino-presentan-unha-programacion-diversa-comprometida-e-local-para-a-sua-v-edicion\/","title":{"rendered":"Os Premios Fouci\u00f1o presentan unha programaci\u00f3n \u201cdiversa, comprometida e local\u201d para a s\u00faa V Edici\u00f3n"},"content":{"rendered":"<p><span style=\"font-weight: 400;\">Os <a href=\"https:\/\/premiosfoucino.concellodezas.org\/\"><strong>Premios Fouci\u00f1o<\/strong><\/a> ve\u00f1en de anunciar a programaci\u00f3n da que ser\u00e1 a s\u00faa V edici\u00f3n, que se celebrar\u00e1 en Baio do <\/span><b>23 ao 25 de outubro<\/b><span style=\"font-weight: 400;\"> de 2025 e repartir\u00e1 1.800\u20ac en premios. O festival aposta por un formato semellante ao do ano pasado, que tivo tan boa acollida, e que combina<\/span><b> curtametraxes<\/b><span style=\"font-weight: 400;\"> dentro e f\u00f3ra de competici\u00f3n, actividades l\u00fadicas relacionadas co cinema e moita m\u00fasica.\u00a0<\/span><\/p>\n<p><span style=\"font-weight: 400;\">O festival botar\u00e1 a andar o <\/span><b>xoves 23<\/b><span style=\"font-weight: 400;\"> de outubro coa proxecci\u00f3n de <\/span><b><i>Pura<\/i><\/b><span style=\"font-weight: 400;\">, curtametraxe de Carmen M\u00e9ndez <\/span><b>ga\u00f1adora dos Mestre Mateo<\/b><span style=\"font-weight: 400;\"> este 2025. Despois do pase haber\u00e1 un <\/span><b>coloquio<\/b><span style=\"font-weight: 400;\"> coa directora.\u00a0<\/span><\/p>\n<p><span style=\"font-weight: 400;\">O <\/span><b>venres 24<\/b><span style=\"font-weight: 400;\"> teremos unha <\/span><b>sesi\u00f3n <\/b><span style=\"font-weight: 400;\">de catro curtametraxes que conectan no concepto de <\/span><b>diversidade<\/b><span style=\"font-weight: 400;\">: &#8216;Delincuente&#8217;, de Alba Dom\u00ednguez e Nuria Vil; &#8216;O Coidado&#8217;, de Miguel Canalejo; &#8216;Abell\u00f3n&#8217;, de Fon Cortizo e &#8216;La casa de la abuela&#8217;, de Ashling Ocampo. A noite rematar\u00e1 cun concerto da cantante coru\u00f1esa <\/span><b>Sofi Peries<\/b><span style=\"font-weight: 400;\"> e un concurso de <\/span><b>karaoke cin\u00e9filo<\/b><span style=\"font-weight: 400;\">.\u00a0<\/span><\/p>\n<p><span style=\"font-weight: 400;\">O prato forte do festival \u00e9 o s\u00e1bado 25, coa proxecci\u00f3n das curtas presentadas a <\/span><b>concurso<\/b><span style=\"font-weight: 400;\"> e a <\/span><b>gran festa final<\/b><span style=\"font-weight: 400;\"> na que actuar\u00e1n <\/span><b>Ant\u00eda Mu\u00ed\u00f1o, Ulex, 9Louro e Tonita<\/b><span style=\"font-weight: 400;\">, conformando un cartel que aposta polos novos talentos e a m\u00fasica en galego. Antes, a mediod\u00eda, tam\u00e9n haber\u00e1 a proxecci\u00f3n da curtametraxe do obradoiro infantil de cinema e a peza \u2018<\/span><i><span style=\"font-weight: 400;\">Un peixe \u00e9 un peixe \u00e9 un peixe\u2019<\/span><\/i><span style=\"font-weight: 400;\"> de Marilar Alexandre e Alberto Pombo, gravada en Fisterra.\u00a0<\/span><\/p>\n<p><span style=\"font-weight: 400;\">O equipo dos Fouci\u00f1o anunciou a programaci\u00f3n durante un acto dedicado ao propio certame bai\u00e9s que se celebrou dentro da <\/span><b>Semana Cultural de Zas<\/b><span style=\"font-weight: 400;\">. O evento contou coa presenza do Alcalde de Zas, o Concello coorganiza o certame, e pola tarde proxect\u00e1ronse as tres curtametraxes ga\u00f1adoras da IV Edici\u00f3n do festival. Mu\u00ed\u00f1o destacou o nivel deste certame que sit\u00faa a Baio no mapa do audiovisual.<\/span><\/p>\n<p><img fetchpriority=\"high\" decoding=\"async\" class=\"alignnone  wp-image-20145\" src=\"https:\/\/concellodezas.gal\/wp-content\/uploads\/2025\/08\/cartel-foucino-2025_final-724x1024.jpg\" alt=\"\" width=\"654\" height=\"925\" srcset=\"https:\/\/concellodezas.gal\/wp-content\/uploads\/2025\/08\/cartel-foucino-2025_final-724x1024.jpg 724w, https:\/\/concellodezas.gal\/wp-content\/uploads\/2025\/08\/cartel-foucino-2025_final-212x300.jpg 212w, https:\/\/concellodezas.gal\/wp-content\/uploads\/2025\/08\/cartel-foucino-2025_final-768x1086.jpg 768w, https:\/\/concellodezas.gal\/wp-content\/uploads\/2025\/08\/cartel-foucino-2025_final-1086x1536.jpg 1086w, https:\/\/concellodezas.gal\/wp-content\/uploads\/2025\/08\/cartel-foucino-2025_final-1448x2048.jpg 1448w, https:\/\/concellodezas.gal\/wp-content\/uploads\/2025\/08\/cartel-foucino-2025_final-1080x1527.jpg 1080w, https:\/\/concellodezas.gal\/wp-content\/uploads\/2025\/08\/cartel-foucino-2025_final-1280x1810.jpg 1280w, https:\/\/concellodezas.gal\/wp-content\/uploads\/2025\/08\/cartel-foucino-2025_final-980x1386.jpg 980w, https:\/\/concellodezas.gal\/wp-content\/uploads\/2025\/08\/cartel-foucino-2025_final-480x679.jpg 480w, https:\/\/concellodezas.gal\/wp-content\/uploads\/2025\/08\/cartel-foucino-2025_final-scaled.jpg 1810w\" sizes=\"(max-width: 654px) 100vw, 654px\" \/><\/p>\n<p><span style=\"font-weight: 400;\">A organizaci\u00f3n dos Fouci\u00f1o salientou a aposta deste ano por un cinema <\/span><b>comprometido<\/b> <b>no social e innovador no formal<\/b><span style=\"font-weight: 400;\">, sempre desde o car\u00e1cter local e \u00edntimo das historias, ese \u201ccinema de proximidade\u201d que caracteriza a selecci\u00f3n dos Premios Fouci\u00f1o.<\/span><\/p>\n<p><span style=\"font-weight: 400;\">Podedes consultar<\/span><b> toda<\/b> <b>a programaci\u00f3n<\/b><span style=\"font-weight: 400;\"> en <\/span><a href=\"https:\/\/premiosfoucino.concellodezas.org\/\"><span style=\"font-weight: 400;\">https:\/\/premiosfoucino.concellodezas.org\/<\/span><\/a><\/p>\n","protected":false},"excerpt":{"rendered":"<p>O festival encher\u00e1 Baio de filmes e m\u00fasica do 23 ao 25 de outubro<\/p>\n<p>Ademais do concurso de curtametraxes, a programaci\u00f3n audiovisual estar\u00e1 conformada por unha selecci\u00f3n de pezas destacadas do cine galego recente<\/p>\n<p>O certame pechar\u00e1 con actuaci\u00f3ns musicais de Ant\u00eda Mu\u00ed\u00f1o, Ulex, 9Louro e Tonita<\/p>\n","protected":false},"author":5,"featured_media":20143,"comment_status":"open","ping_status":"closed","sticky":false,"template":"","format":"standard","meta":{"slim_seo":{"title":"Os Premios Fouci\u00f1o presentan unha programaci\u00f3n \u201cdiversa, comprometida e local\u201d para a s\u00faa V Edici\u00f3n - Concello de Zas","description":"O festival encher\u00e1 Baio de filmes e m\u00fasica do 23 ao 25 de outubro Ademais do concurso de curtametraxes, a programaci\u00f3n audiovisual estar\u00e1 conformada por unha se"},"footnotes":""},"categories":[413],"tags":[417],"class_list":["post-20142","post","type-post","status-publish","format-standard","has-post-thumbnail","hentry","category-cultura-e-deportes","tag-premios-foucino"],"_links":{"self":[{"href":"https:\/\/concellodezas.gal\/en\/wp-json\/wp\/v2\/posts\/20142","targetHints":{"allow":["GET"]}}],"collection":[{"href":"https:\/\/concellodezas.gal\/en\/wp-json\/wp\/v2\/posts"}],"about":[{"href":"https:\/\/concellodezas.gal\/en\/wp-json\/wp\/v2\/types\/post"}],"author":[{"embeddable":true,"href":"https:\/\/concellodezas.gal\/en\/wp-json\/wp\/v2\/users\/5"}],"replies":[{"embeddable":true,"href":"https:\/\/concellodezas.gal\/en\/wp-json\/wp\/v2\/comments?post=20142"}],"version-history":[{"count":1,"href":"https:\/\/concellodezas.gal\/en\/wp-json\/wp\/v2\/posts\/20142\/revisions"}],"predecessor-version":[{"id":28977,"href":"https:\/\/concellodezas.gal\/en\/wp-json\/wp\/v2\/posts\/20142\/revisions\/28977"}],"wp:featuredmedia":[{"embeddable":true,"href":"https:\/\/concellodezas.gal\/en\/wp-json\/wp\/v2\/media\/20143"}],"wp:attachment":[{"href":"https:\/\/concellodezas.gal\/en\/wp-json\/wp\/v2\/media?parent=20142"}],"wp:term":[{"taxonomy":"category","embeddable":true,"href":"https:\/\/concellodezas.gal\/en\/wp-json\/wp\/v2\/categories?post=20142"},{"taxonomy":"post_tag","embeddable":true,"href":"https:\/\/concellodezas.gal\/en\/wp-json\/wp\/v2\/tags?post=20142"}],"curies":[{"name":"wp","href":"https:\/\/api.w.org\/{rel}","templated":true}]}}