{"id":20120,"date":"2025-08-02T11:00:07","date_gmt":"2025-08-02T09:00:07","guid":{"rendered":"https:\/\/concellodezas.org\/?p=20120"},"modified":"2025-12-22T16:47:11","modified_gmt":"2025-12-22T15:47:11","slug":"baio-acende-o-punto-rojo-tres-dias-de-descontos-tapas-premios-e-moita-vida-nas-ruas","status":"publish","type":"post","link":"https:\/\/concellodezas.gal\/en\/baio-acende-o-punto-rojo-tres-dias-de-descontos-tapas-premios-e-moita-vida-nas-ruas\/","title":{"rendered":"Baio acende  o \u201cPunto Rojo\u201d: tres d\u00edas de descontos, tapas, premios e moita vida nas r\u00faas"},"content":{"rendered":"<p>&nbsp;<\/p>\n<p>A vila de Baio prep\u00e1rase para converterse, os d\u00edas <b>22, 23 e 24 de agosto<\/b>, no epicentro das oportunidades coa celebraci\u00f3n dunha nova edici\u00f3n do <b>Punto Rojo<\/b>, a feira de liquidaci\u00f3ns que enche o comercio local de prezos irresistibles e moita animaci\u00f3n.<span class=\"Apple-converted-space\">\u00a0<\/span><\/p>\n<p>Durante estas tres xornadas, os establecementos asociados ofrecer\u00e1n os seus <b>saldos de fin de temporada<\/b>, mentres que os locais de hostaler\u00eda se suman coa s\u00faa xa tradicional <b>ruta de tapas<\/b>. Ademais, todas as compras realizadas durante a campa\u00f1a poder\u00e1n optar a <b>1.700\u20ac en premios<\/b>, repartidos entre a clientela.<span class=\"Apple-converted-space\">\u00a0<\/span><\/p>\n<p>A feira compl\u00e9tase cunha programaci\u00f3n para todos os p\u00fablicos. O <b>venres pola noite<\/b>, a praza converterase nun cine de ver\u00e1n cunha sesi\u00f3n de <b>cine nocturno ao aire libre<\/b>. A partir do s\u00e1bado, os m\u00e1is pequenos poder\u00e1n gozar de <b>inchables, actividades infant\u00eds e un tren tur\u00edstico<\/b> que lles permitir\u00e1 percorrer os distintos establecementos da vila. Non faltar\u00e1 a <b>m\u00fasica polas r\u00faas<\/b> nin tampouco un <b>obradoiro especial dos Premios Fouci\u00f1o<\/b>, que traer\u00e1 moita creatividade a Baio.<span class=\"Apple-converted-space\">\u00a0<\/span><\/p>\n<p>Outro dos atractivos do Punto Rojo ser\u00e1n os <b>postos na r\u00faa<\/b>, onde os comercios sair\u00e1n \u00e1 v\u00eda<span class=\"Apple-converted-space\">\u00a0<\/span><\/p>\n<p>p\u00fablica con grandes oportunidades e, ademais, habilitarase un espazo para que <b>particulares<span class=\"Apple-converted-space\">\u00a0 <\/span>poidan montar postos de segunda man con artigos \u00f3s que queiran darlle unha segunda vida<\/b>. As persoas interesadas deber\u00e1n po\u00f1erse en contacto coa asociaci\u00f3n a trav\u00e9s das redes sociais.<span class=\"Apple-converted-space\">\u00a0<\/span><\/p>\n<p>A actividade est\u00e1 organizada polo <b>Concello de Zas e a Asociaci\u00f3n BaiOn<\/b>, e busca consolidarse<span class=\"Apple-converted-space\">\u00a0 <\/span>como unha das citas imprescindibles do ver\u00e1n na Costa da Morte, po\u00f1endo en valor o comercio local e dinamizando a vida social da vila.<span class=\"Apple-converted-space\">\u00a0<\/span><\/p>\n<p><span class=\"Apple-converted-space\">\u00a0<\/span><\/p>\n","protected":false},"excerpt":{"rendered":"<p>Esta \u00e9 unha actividade organizada polo Concello de Zas e a Asociaci\u00f3n BaiOn<\/p>\n","protected":false},"author":5,"featured_media":20121,"comment_status":"open","ping_status":"closed","sticky":false,"template":"","format":"standard","meta":{"slim_seo":{"title":"Baio acende o \u201cPunto Rojo\u201d: tres d\u00edas de descontos, tapas, premios e moita vida nas r\u00faas - Concello de Zas","description":"Esta \u00e9 unha actividade organizada polo Concello de Zas e a Asociaci\u00f3n BaiOn"},"footnotes":""},"categories":[414],"tags":[375,377,378,376],"class_list":["post-20120","post","type-post","status-publish","format-standard","has-post-thumbnail","hentry","category-emprego","tag-baio","tag-comercio","tag-promocion","tag-punto-rojo"],"_links":{"self":[{"href":"https:\/\/concellodezas.gal\/en\/wp-json\/wp\/v2\/posts\/20120","targetHints":{"allow":["GET"]}}],"collection":[{"href":"https:\/\/concellodezas.gal\/en\/wp-json\/wp\/v2\/posts"}],"about":[{"href":"https:\/\/concellodezas.gal\/en\/wp-json\/wp\/v2\/types\/post"}],"author":[{"embeddable":true,"href":"https:\/\/concellodezas.gal\/en\/wp-json\/wp\/v2\/users\/5"}],"replies":[{"embeddable":true,"href":"https:\/\/concellodezas.gal\/en\/wp-json\/wp\/v2\/comments?post=20120"}],"version-history":[{"count":1,"href":"https:\/\/concellodezas.gal\/en\/wp-json\/wp\/v2\/posts\/20120\/revisions"}],"predecessor-version":[{"id":28978,"href":"https:\/\/concellodezas.gal\/en\/wp-json\/wp\/v2\/posts\/20120\/revisions\/28978"}],"wp:featuredmedia":[{"embeddable":true,"href":"https:\/\/concellodezas.gal\/en\/wp-json\/wp\/v2\/media\/20121"}],"wp:attachment":[{"href":"https:\/\/concellodezas.gal\/en\/wp-json\/wp\/v2\/media?parent=20120"}],"wp:term":[{"taxonomy":"category","embeddable":true,"href":"https:\/\/concellodezas.gal\/en\/wp-json\/wp\/v2\/categories?post=20120"},{"taxonomy":"post_tag","embeddable":true,"href":"https:\/\/concellodezas.gal\/en\/wp-json\/wp\/v2\/tags?post=20120"}],"curies":[{"name":"wp","href":"https:\/\/api.w.org\/{rel}","templated":true}]}}