{"id":20115,"date":"2025-08-01T23:38:52","date_gmt":"2025-08-01T21:38:52","guid":{"rendered":"https:\/\/concellodezas.org\/?p=20115"},"modified":"2025-12-22T16:47:11","modified_gmt":"2025-12-22T15:47:11","slug":"o-concello-de-zas-convida-a-descubrir-a-vida-segreda-do-rio-no-paseo-fluvial-de-baio-e-na-carballeira-municipal","status":"publish","type":"post","link":"https:\/\/concellodezas.gal\/en\/o-concello-de-zas-convida-a-descubrir-a-vida-segreda-do-rio-no-paseo-fluvial-de-baio-e-na-carballeira-municipal\/","title":{"rendered":"O Concello de Zas convida a descubrir \u201cA vida segreda do r\u00edo\u201d no paseo fluvial de Baio e na Carballeira municipal"},"content":{"rendered":"<p>O Concello de Zas pon en marcha este ver\u00e1n o<strong> roteiro \u201cA vida segreda do r\u00edo\u201d, <\/strong>unha actividade guiada polo paseo fluvial de Baio ata a Carballeira municipal co que se pretende achegar a veci\u00f1anza e visitante \u00e1 rica biodiversidade do r\u00edo Porto e ao patrimonio natural da contorna.<\/p>\n<p>A trav\u00e9s desta iniciativa, as persoas participantes poder\u00e1n co\u00f1ecer as especies aut\u00f3ctonas que habitan nas ribeiras, as \u00e1rbores e plantas caracter\u00edsticas deste ecosistema e a importancia da s\u00faa conservaci\u00f3n.<\/p>\n<p>O roteiro ter\u00e1 lugar<strong> todos os martes e xoves \u00e1s 12:00 horas<\/strong>, cunha duraci\u00f3n aproximada de 60 minutos. O punto de encontro ser\u00e1 a Praza Jorge Mira P\u00e9rez. A inscrici\u00f3n \u00e9 obrigatoria e debe realizarse indicando o d\u00eda no que se quere participar a trav\u00e9s do formulario https:\/\/bit.ly\/ PaseoFluvial25 ou, en caso de d\u00fabida, tam\u00e9n se pode chamar ao tel\u00e9fono 981 71 80 56.<\/p>\n<p>\u201cCon esta actividade, o Concello de Zas reafirma o seu compromiso coa educaci\u00f3n ambiental e coa posta en valor dos espazos naturais do municipio, ofrecendo alternativas de lecer sostible e de calidade durante os meses de ver\u00e1n, o mesmo tempo que pon en valor un dos espazos naturais mellor conservados da Costa da Morte\u201d, sinala o Alcalde, Manuel Mu\u00ed\u00f1o.<\/p>\n","protected":false},"excerpt":{"rendered":"<p>Esta actividade guiada realizarase todos os martes e xoves con sa\u00edda \u00e1s 12:00 horas dende a Praza Jorge Mira P\u00e9rez<\/p>\n","protected":false},"author":5,"featured_media":20116,"comment_status":"open","ping_status":"closed","sticky":false,"template":"","format":"standard","meta":{"slim_seo":{"title":"O Concello de Zas convida a descubrir \u201cA vida segreda do r\u00edo\u201d no paseo fluvial de Baio e na Carballeira municipal - Concello de Zas","description":"Esta actividade guiada realizarase todos os martes e xoves con sa\u00edda \u00e1s 12:00 horas dende a Praza Jorge Mira P\u00e9rez"},"footnotes":""},"categories":[415],"tags":[374,373,371,372],"class_list":["post-20115","post","type-post","status-publish","format-standard","has-post-thumbnail","hentry","category-turismo","tag-natureza","tag-rio","tag-roteiro","tag-zas"],"_links":{"self":[{"href":"https:\/\/concellodezas.gal\/en\/wp-json\/wp\/v2\/posts\/20115","targetHints":{"allow":["GET"]}}],"collection":[{"href":"https:\/\/concellodezas.gal\/en\/wp-json\/wp\/v2\/posts"}],"about":[{"href":"https:\/\/concellodezas.gal\/en\/wp-json\/wp\/v2\/types\/post"}],"author":[{"embeddable":true,"href":"https:\/\/concellodezas.gal\/en\/wp-json\/wp\/v2\/users\/5"}],"replies":[{"embeddable":true,"href":"https:\/\/concellodezas.gal\/en\/wp-json\/wp\/v2\/comments?post=20115"}],"version-history":[{"count":1,"href":"https:\/\/concellodezas.gal\/en\/wp-json\/wp\/v2\/posts\/20115\/revisions"}],"predecessor-version":[{"id":28979,"href":"https:\/\/concellodezas.gal\/en\/wp-json\/wp\/v2\/posts\/20115\/revisions\/28979"}],"wp:featuredmedia":[{"embeddable":true,"href":"https:\/\/concellodezas.gal\/en\/wp-json\/wp\/v2\/media\/20116"}],"wp:attachment":[{"href":"https:\/\/concellodezas.gal\/en\/wp-json\/wp\/v2\/media?parent=20115"}],"wp:term":[{"taxonomy":"category","embeddable":true,"href":"https:\/\/concellodezas.gal\/en\/wp-json\/wp\/v2\/categories?post=20115"},{"taxonomy":"post_tag","embeddable":true,"href":"https:\/\/concellodezas.gal\/en\/wp-json\/wp\/v2\/tags?post=20115"}],"curies":[{"name":"wp","href":"https:\/\/api.w.org\/{rel}","templated":true}]}}