{"id":20108,"date":"2025-07-29T23:37:19","date_gmt":"2025-07-29T21:37:19","guid":{"rendered":"https:\/\/concellodezas.org\/?p=20108"},"modified":"2025-12-22T16:47:11","modified_gmt":"2025-12-22T15:47:11","slug":"xa-se-poden-recoller-as-entradas-para-a-40a-festa-da-carballeira","status":"publish","type":"post","link":"https:\/\/concellodezas.gal\/en\/xa-se-poden-recoller-as-entradas-para-a-40a-festa-da-carballeira\/","title":{"rendered":"Xa se poden recoller as entradas para a 40\u00aa Festa da Carballeira"},"content":{"rendered":"<p>Como v\u00e9n sendo habitual nos \u00faltimos anos, o Concello de Zas en convenio coa Asociaci\u00f3n Castro Meda pon a disposici\u00f3n de cada vivenda con familias empadroadas no noso municipio d\u00faas invitaci\u00f3ns nominativas para acceder de forma gratu\u00edta \u00e1 <a href=\"https:\/\/www.festadacarballeira.com\/\"><b>Festa da Carballeira <\/b><\/a>durante toda a xornada do s\u00e1bado 9 de agosto.<\/p>\n<p>As entradas poder\u00e1n recollerse dende hoxe e ata o venres 8 de agosto nas oficinas da Casa do Concello en horario de 08:00 a 14:00 horas.<\/p>\n<p>Esta \u00e9 unha iniciativa do equipo de Goberno Municipal que se leva desenvolvendo dende hai uns anos e que naciu co fin de que toda a veci\u00f1anza goze dunha das nosas festas m\u00e1is emblem\u00e1ticas que este ano celebra a s\u00faa 40 edici\u00f3n cun cartel de artistas 100% galego e 100% en feminino.<span class=\"Apple-converted-space\">\u00a0<\/span><\/p>\n<p>Asimesmo, todas as persoas maiores de 60 anos e menos de 14 anos non pagan entrada para acceder ao festival.<\/p>\n<p><b>Programaci\u00f3n<\/b><\/p>\n<p>Despois da noite de concertos do venres da man de Catuxa Salom, Tanxugueiras e Agoraphobia; a xornada do s\u00e1bado d\u00eda 9 comeza cunha sesi\u00f3n vem\u00fa e unha mexilloada gratu\u00edta amenizada por Ux\u00eda Lambona e a Banda Molona, a Banda da Loba e o grupo de gaiteiras de Xiradela.<\/p>\n<p>Ao longo da tarde haber\u00e1 feira de artesan\u00eda, zona infantil con inchables e espazo para o xogo e unha gran foliada con varios grupos de m\u00fasica tradicional da zona. A tarde pecharase coa actuaci\u00f3n do grupo Carmela que lle dar\u00e1 paso aos concertos no escenario principal. Aqu\u00ed actuar\u00e1n a partir das 22:00 horas Caama\u00f1o&amp;Ameixeiras, Mercedes Pe\u00f3n, Ses e Se\u00f1ora DJ.<\/p>\n","protected":false},"excerpt":{"rendered":"<p>O Goberno Municipal, en convenio coa Asociaci\u00f3n Castro Meda, pon a disposici\u00f3n de cada vivenda con familias empadronadas no Concello d\u00faas invitaci\u00f3ns nominativas para acceder ao festival o s\u00e1bado 9 de agosto<br \/>\nTodas as persoas maiores de 60 anos e menores de 14 non pagan entrada<\/p>\n","protected":false},"author":5,"featured_media":20109,"comment_status":"open","ping_status":"closed","sticky":false,"template":"","format":"standard","meta":{"slim_seo":{"title":"Xa se poden recoller as entradas para a 40\u00aa Festa da Carballeira - Concello de Zas","description":"O Goberno Municipal, en convenio coa Asociaci\u00f3n Castro Meda, pon a disposici\u00f3n de cada vivenda con familias empadronadas no Concello d\u00faas invitaci\u00f3ns nominativa"},"footnotes":""},"categories":[413],"tags":[],"class_list":["post-20108","post","type-post","status-publish","format-standard","has-post-thumbnail","hentry","category-cultura-e-deportes"],"_links":{"self":[{"href":"https:\/\/concellodezas.gal\/en\/wp-json\/wp\/v2\/posts\/20108","targetHints":{"allow":["GET"]}}],"collection":[{"href":"https:\/\/concellodezas.gal\/en\/wp-json\/wp\/v2\/posts"}],"about":[{"href":"https:\/\/concellodezas.gal\/en\/wp-json\/wp\/v2\/types\/post"}],"author":[{"embeddable":true,"href":"https:\/\/concellodezas.gal\/en\/wp-json\/wp\/v2\/users\/5"}],"replies":[{"embeddable":true,"href":"https:\/\/concellodezas.gal\/en\/wp-json\/wp\/v2\/comments?post=20108"}],"version-history":[{"count":1,"href":"https:\/\/concellodezas.gal\/en\/wp-json\/wp\/v2\/posts\/20108\/revisions"}],"predecessor-version":[{"id":28980,"href":"https:\/\/concellodezas.gal\/en\/wp-json\/wp\/v2\/posts\/20108\/revisions\/28980"}],"wp:featuredmedia":[{"embeddable":true,"href":"https:\/\/concellodezas.gal\/en\/wp-json\/wp\/v2\/media\/20109"}],"wp:attachment":[{"href":"https:\/\/concellodezas.gal\/en\/wp-json\/wp\/v2\/media?parent=20108"}],"wp:term":[{"taxonomy":"category","embeddable":true,"href":"https:\/\/concellodezas.gal\/en\/wp-json\/wp\/v2\/categories?post=20108"},{"taxonomy":"post_tag","embeddable":true,"href":"https:\/\/concellodezas.gal\/en\/wp-json\/wp\/v2\/tags?post=20108"}],"curies":[{"name":"wp","href":"https:\/\/api.w.org\/{rel}","templated":true}]}}