{"id":20039,"date":"2025-06-25T23:33:08","date_gmt":"2025-06-25T21:33:08","guid":{"rendered":"https:\/\/concellodezas.org\/?p=20039"},"modified":"2025-12-22T16:47:11","modified_gmt":"2025-12-22T15:47:11","slug":"este-sabado-comeza-a-completa-programacion-do-veran-en-zas-cunha-gran-festa-infantil","status":"publish","type":"post","link":"https:\/\/concellodezas.gal\/en\/este-sabado-comeza-a-completa-programacion-do-veran-en-zas-cunha-gran-festa-infantil\/","title":{"rendered":"Este s\u00e1bado comeza a completa  programaci\u00f3n do \u201cVer\u00e1n en  Zas\u201d cunha gran festa infantil"},"content":{"rendered":"<p>Ao igual que nos \u00faltimos anos, este s\u00e1bado arranca a programaci\u00f3n do \u201cVer\u00e1n en Zas\u201d; un completo programa de ocio e tempo libre organizado polo Concello de Zas con actividades para todos os p\u00fablicos e en diferentes localizaci\u00f3ns do noso municipio.<span class=\"Apple-converted-space\"> \u00a0<\/span><\/p>\n<p>\u201cEste ano, ao igual que nos anteriores, dese\u00f1amos para toda a nosa veci\u00f1anza un completo programa de actividades que arranca este s\u00e1bado e que se estender\u00e1 ata o mes de setembro no que temos andainas, m\u00fasica, excursi\u00f3ns,\u2026\u201d, sinala o Alcalde de Zas, Manuel<span class=\"Apple-converted-space\">\u00a0<\/span>Mu\u00ed\u00f1o.<span class=\"Apple-converted-space\">\u00a0<\/span><\/p>\n<p>A programaci\u00f3n do \u201cVer\u00e1n en Zas\u201d comeza xa este s\u00e1bado cunha gran festa infantil que<span class=\"Apple-converted-space\">\u00a0<\/span>celebraremos no campo de f\u00fatbol e na piscina municipal de Zas na que teremos inchables, festa da escuma, obradoiros, m\u00fasica\u2026 e unha merenda con flocos de millo. Ser\u00e1 de 16:00 a<span class=\"Apple-converted-space\">\u00a0<\/span>20:00 horas e a entrada \u00e9 de balde.<span class=\"Apple-converted-space\">\u00a0<\/span><\/p>\n<p><strong>Concertos e outros espect\u00e1culos<span class=\"Apple-converted-space\">\u00a0<\/span><\/strong><\/p>\n<p>\u2022<strong> M\u00fasica nas Torres<\/strong>: Os Monifantes ofrecerannos o 12 de xullo un concerto para o<span class=\"Apple-converted-space\">\u00a0<\/span>p\u00fablico xeral e familiar nas Torres do Allo. Ser\u00e1 \u00e1s 20:00 horas e \u00e9 de balde.<span class=\"Apple-converted-space\">\u00a0<\/span><\/p>\n<p>\u2022 <strong>Concerto na Ponte<\/strong>: O d\u00eda 19 de xullo traslader\u00e9monos \u00e1 Ponte de Brandomil onde<span class=\"Apple-converted-space\">\u00a0<\/span>Comando Corux\u00e1s nos ofrecer\u00e1 un concerto gratu\u00edto \u00e1s 22:00 horas.<span class=\"Apple-converted-space\">\u00a0<\/span><\/p>\n<p>\u2022 <strong>Circo na Fonte de Fornelos<\/strong>: o 2 de agosto poderemos ver un espect\u00e1culo de circo na<span class=\"Apple-converted-space\">\u00a0<\/span>Fonte de Fornelos a partir das 20:00 horas.<span class=\"Apple-converted-space\">\u00a0<\/span><\/p>\n<p><strong>Deportes<span class=\"Apple-converted-space\">\u00a0<\/span><\/strong><\/p>\n<p>\u2022 <strong>D\u00eda da bici<\/strong>: o 20 de xullo celebramos o d\u00eda da bici cun roteiro polo noso municipio que<span class=\"Apple-converted-space\">\u00a0<\/span>sair\u00e1 \u00e1s 10:30 horas da Praza do Concello. A actividade rematar\u00e1 cunha merenda e para<span class=\"Apple-converted-space\">\u00a0<\/span>participar \u00e9 necesario anotarse previamente.<span class=\"Apple-converted-space\">\u00a0<\/span><\/p>\n<p>\u2022 <strong>Cursos de nataci\u00f3n<\/strong>: durante os meses do ver\u00e1n realizaremos diferentes cursos de<span class=\"Apple-converted-space\">\u00a0<\/span>nataci\u00f3n para todas as idades nas piscinas municipais de Zas e de Baio. Proximamente<span class=\"Apple-converted-space\">\u00a0<\/span>concretaremos os horarios.<span class=\"Apple-converted-space\">\u00a0<\/span><\/p>\n<p>\u2022 <strong>Trail Nocturno Cova do Lobo<\/strong>: o 16 de agosto, xunto coa AD Monte Brondo,<span class=\"Apple-converted-space\">\u00a0<\/span>organizamos o Trail Nocturno Cova do Lobo coas seguintes probas: trail nocturno,<span class=\"Apple-converted-space\">\u00a0<\/span>pequetrail e unha andaina nocturna. Podedes ampliar informaci\u00f3n e anotarvos en<span class=\"Apple-converted-space\">\u00a0<\/span>www.empa-t.com<span class=\"Apple-converted-space\">\u00a0<\/span><\/p>\n<p>\u2022<strong> XXXIV Trofeo de F\u00fatbol do Concello de Zas<\/strong>: o 7 de setembro xogarase o XXXIV Trofeo<span class=\"Apple-converted-space\">\u00a0<\/span>de F\u00fatbol Concello de Zas no campo municipal Platas Reinoso de Baio.<span class=\"Apple-converted-space\">\u00a0<\/span><\/p>\n<p><strong>Torres do Allo<span class=\"Apple-converted-space\">\u00a0<\/span><\/strong><\/p>\n<p>As Torres do Allo ser\u00e1n outro dos puntos centrais da programaci\u00f3n de ver\u00e1n. Adem\u00e1is do<span class=\"Apple-converted-space\">\u00a0<\/span>concerto do d\u00eda 12 de xullo temos preparadas estas outras actividades:<span class=\"Apple-converted-space\">\u00a0<\/span><\/p>\n<p>\u2022 <strong>Visitas guiadas<\/strong>: todos os d\u00edas realizamos visitas guiadas gratu\u00edtas \u00e1s 13:00 e \u00e1s 17:00<span class=\"Apple-converted-space\">\u00a0<\/span>horas. O pazo m\u00e1is antigo de Galicia est\u00e1 aberto todos os d\u00edas do ver\u00e1n.<span class=\"Apple-converted-space\">\u00a0<\/span><\/p>\n<p>\u2022 <strong>Visitas teatralizadas<\/strong>: Todos os domingos de xullo e agosto teremos unha visita<span class=\"Apple-converted-space\">\u00a0<\/span>teatralizada nas Torres do Allo. Ser\u00e1 \u00e1s 19:30 horas. De balde.<span class=\"Apple-converted-space\">\u00a0<\/span><\/p>\n<p>\u2022<strong> Exposici\u00f3n temporal \u201cRiob\u00f3o, a saga do Allo\u201d<\/strong>. Todos os d\u00edas poder\u00e1 visitarse na Sala de<span class=\"Apple-converted-space\">\u00a0<\/span>Exposici\u00f3ns unha mostra sobre a \u00faltima familia que residiu no pazo.<span class=\"Apple-converted-space\">\u00a0<\/span><\/p>\n<p>\u2022 <strong>Scape Room do Allo<\/strong>: todos os d\u00edas poderase realizar un scape room nas Torres do Allo.<span class=\"Apple-converted-space\">\u00a0<\/span>\u00c9 necesario concretar a data e o horario dispo\u00f1ibles en info@torresdoallo.gal<span class=\"Apple-converted-space\">\u00a0<\/span><\/p>\n<p>\u2022 <strong>Mercado de San Ram\u00f3n<\/strong>: o 31 de agosto celebraremos o tradicional mercado de San<span class=\"Apple-converted-space\">\u00a0<\/span>Ram\u00f3n na contorna das Torres do Allo con merendas, feira de artesan\u00eda, obradoiros,<span class=\"Apple-converted-space\">\u00a0<\/span>unha sesi\u00f3n verm\u00fa amenizada por Unto Vello e un concerto infantil da man de C\u00e9<span class=\"Apple-converted-space\">\u00a0<\/span>Orquesta Pantasma.<span class=\"Apple-converted-space\">\u00a0<\/span><\/p>\n<p><strong>Andainas e excursi\u00f3ns<span class=\"Apple-converted-space\">\u00a0<\/span><\/strong><\/p>\n<p>\u2022 <strong>Excursi\u00f3n a Aquapark Cerceda<\/strong>: o 18 de agosto realizaremos unha excursi\u00f3n ao<span class=\"Apple-converted-space\">\u00a0<\/span>Aquapark de Cerceda dirixida \u00e1 rapazada nada entre o 2006 e o 2015. A sa\u00edda ser\u00e1 \u00e1s 10:00 horas dende a Praza do Concello de Zas e \u00e1s 10:15 horas dende o Torre Penedo<span class=\"Apple-converted-space\">\u00a0<\/span>de Baio. Esta \u00e9 a \u00fanica actividade de pago de toda a programaci\u00f3n, cun custe de 10\u20ac\/persoa.<span class=\"Apple-converted-space\">\u00a0<\/span><\/p>\n<p>\u2022 <strong>\u201cZas a p\u00e9\u201d<\/strong>: os d\u00edas 12 e 19 de xullo e 1 de agosto realizaremos unhas andainas polo<span class=\"Apple-converted-space\">\u00a0<\/span>noso municipio. Ser\u00e1n gratu\u00edtas e \u00e9 necesario anotarse previamente.<span class=\"Apple-converted-space\">\u00a0<\/span><\/p>\n<p>\u2022 <strong>Visitas guiadas ao Patrimonio Arqueol\u00f3xico de Brandomil<\/strong>: Todos os luns, m\u00e9rcores e<span class=\"Apple-converted-space\">\u00a0<\/span>venres (ata o 31 de agosto) realizaremos \u00e1s 12:00 horas unha visita guiada ao<span class=\"Apple-converted-space\">\u00a0<\/span>Patrimonio Arqueol\u00f3xico de Brandomil.<span class=\"Apple-converted-space\"> Para participar \u00e9 necesario inscribirse previamente\u00a0a trav\u00e9s do\u00a0formulario <a href=\"https:\/\/bit.ly\/visitasbrandomil25\" target=\"_blank\" rel=\"noopener\">https:\/\/bit.ly\/visitasbrandomil25<\/a> ou chamando ao 981 71 80 56.<\/span><\/p>\n<p>E adem\u00e1is de todas estas actividades, do 4 ao 9 de agosto teremos unha completa <strong>Semana<span class=\"Apple-converted-space\">\u00a0<\/span>Cultural<\/strong> como antesala \u00e1<a href=\"https:\/\/www.festadacarballeira.com\/\"> 40\u00aa Festa da Carballeira.<span class=\"Apple-converted-space\">\u00a0<\/span><\/a><\/p>\n<p>Todas as persoas interesadas en participar nalgunha destas actividades poden ampliar<span class=\"Apple-converted-space\">\u00a0<\/span>informaci\u00f3n e facer as inscrici\u00f3ns, no caso de ser necesaria, nos Centros Socioculturais de<span class=\"Apple-converted-space\">\u00a0<\/span>Zas e de Baio (981 751 398 \/ 981 718 056) en horario de luns a venres de 09:00 a 14:00<span class=\"Apple-converted-space\">\u00a0<\/span>horas<\/p>\n","protected":false},"excerpt":{"rendered":"<p>Todas as actividades, excepto a excursi\u00f3n ao Aquapark de Cerceda, son gratu\u00edtas <\/p>\n","protected":false},"author":5,"featured_media":20040,"comment_status":"open","ping_status":"closed","sticky":false,"template":"","format":"standard","meta":{"slim_seo":{"title":"Este s\u00e1bado comeza a completa programaci\u00f3n do \u201cVer\u00e1n en Zas\u201d cunha gran festa infantil - Concello de Zas","description":"Todas as actividades, excepto a excursi\u00f3n ao Aquapark de Cerceda, son gratu\u00edtas"},"footnotes":""},"categories":[412],"tags":[],"class_list":["post-20039","post","type-post","status-publish","format-standard","has-post-thumbnail","hentry","category-servizos-sociais"],"_links":{"self":[{"href":"https:\/\/concellodezas.gal\/en\/wp-json\/wp\/v2\/posts\/20039","targetHints":{"allow":["GET"]}}],"collection":[{"href":"https:\/\/concellodezas.gal\/en\/wp-json\/wp\/v2\/posts"}],"about":[{"href":"https:\/\/concellodezas.gal\/en\/wp-json\/wp\/v2\/types\/post"}],"author":[{"embeddable":true,"href":"https:\/\/concellodezas.gal\/en\/wp-json\/wp\/v2\/users\/5"}],"replies":[{"embeddable":true,"href":"https:\/\/concellodezas.gal\/en\/wp-json\/wp\/v2\/comments?post=20039"}],"version-history":[{"count":1,"href":"https:\/\/concellodezas.gal\/en\/wp-json\/wp\/v2\/posts\/20039\/revisions"}],"predecessor-version":[{"id":28985,"href":"https:\/\/concellodezas.gal\/en\/wp-json\/wp\/v2\/posts\/20039\/revisions\/28985"}],"wp:featuredmedia":[{"embeddable":true,"href":"https:\/\/concellodezas.gal\/en\/wp-json\/wp\/v2\/media\/20040"}],"wp:attachment":[{"href":"https:\/\/concellodezas.gal\/en\/wp-json\/wp\/v2\/media?parent=20039"}],"wp:term":[{"taxonomy":"category","embeddable":true,"href":"https:\/\/concellodezas.gal\/en\/wp-json\/wp\/v2\/categories?post=20039"},{"taxonomy":"post_tag","embeddable":true,"href":"https:\/\/concellodezas.gal\/en\/wp-json\/wp\/v2\/tags?post=20039"}],"curies":[{"name":"wp","href":"https:\/\/api.w.org\/{rel}","templated":true}]}}