{"id":20032,"date":"2025-06-24T09:12:30","date_gmt":"2025-06-24T07:12:30","guid":{"rendered":"https:\/\/concellodezas.org\/?p=20032"},"modified":"2025-12-22T16:47:11","modified_gmt":"2025-12-22T15:47:11","slug":"o-alcalde-de-zas-reunese-co-recen-nomeado-presidente-da-real-academia-galega-henrique-monteagudo","status":"publish","type":"post","link":"https:\/\/concellodezas.gal\/en\/o-alcalde-de-zas-reunese-co-recen-nomeado-presidente-da-real-academia-galega-henrique-monteagudo\/","title":{"rendered":"O Alcalde de Zas re\u00fanese co rec\u00e9n nomeado Presidente da Real Academia Galega, Henrique Monteagudo"},"content":{"rendered":"<p>A figura de <a href=\"https:\/\/enriquelabartapose.concellodezas.org\/\"><strong>Enrique Labarta Pose<\/strong><\/a> foi un dos temas centrais do encontro que mantivo esta ma\u00f1\u00e1 o Alcalde de Zas, Manuel Mu\u00ed\u00f1o, co novo Presidente da <strong><a href=\"https:\/\/academia.gal\/\">Real Academia Galega<\/a><\/strong>, Henrique Monteagudo, que recibiu ao rexedor na sede temporal da RAG. No encontro participou tam\u00e9n a Secretaria da instituci\u00f3n, Ana Boull\u00f3n.<\/p>\n<p>Durante a reuni\u00f3n acordaron que Concello de Zas e a Real Academia Galega coorganizar\u00e1n o vindeiro ano un acto conxunto sobre a figura de Enrique Labarta Pose, que tam\u00e9n formou parte da RAG e que o Concello xunto con outras asocaci\u00f3ns leva anos traballando para que se lle adique o seu propio d\u00eda das Letras Galegas.<\/p>\n<p>O Alcalde aproveitou a ocasi\u00f3n para felicitar a Henrique Monteagudo polo seu recente nomeamento como Presidente da Real Academia Galega.<span class=\"Apple-converted-space\">\u00a0<\/span><\/p>\n","protected":false},"excerpt":{"rendered":"<p>Durante acordaron coorganizar unha actividade conxunta sobre a figura de Enrique Labarta Pose<\/p>\n","protected":false},"author":5,"featured_media":20036,"comment_status":"open","ping_status":"closed","sticky":false,"template":"","format":"standard","meta":{"slim_seo":{"title":"O Alcalde de Zas re\u00fanese co rec\u00e9n nomeado Presidente da Real Academia Galega, Henrique Monteagudo - Concello de Zas","description":"Durante acordaron coorganizar unha actividade conxunta sobre a figura de Enrique Labarta Pose"},"footnotes":""},"categories":[413],"tags":[],"class_list":["post-20032","post","type-post","status-publish","format-standard","has-post-thumbnail","hentry","category-cultura-e-deportes"],"_links":{"self":[{"href":"https:\/\/concellodezas.gal\/en\/wp-json\/wp\/v2\/posts\/20032","targetHints":{"allow":["GET"]}}],"collection":[{"href":"https:\/\/concellodezas.gal\/en\/wp-json\/wp\/v2\/posts"}],"about":[{"href":"https:\/\/concellodezas.gal\/en\/wp-json\/wp\/v2\/types\/post"}],"author":[{"embeddable":true,"href":"https:\/\/concellodezas.gal\/en\/wp-json\/wp\/v2\/users\/5"}],"replies":[{"embeddable":true,"href":"https:\/\/concellodezas.gal\/en\/wp-json\/wp\/v2\/comments?post=20032"}],"version-history":[{"count":1,"href":"https:\/\/concellodezas.gal\/en\/wp-json\/wp\/v2\/posts\/20032\/revisions"}],"predecessor-version":[{"id":28986,"href":"https:\/\/concellodezas.gal\/en\/wp-json\/wp\/v2\/posts\/20032\/revisions\/28986"}],"wp:featuredmedia":[{"embeddable":true,"href":"https:\/\/concellodezas.gal\/en\/wp-json\/wp\/v2\/media\/20036"}],"wp:attachment":[{"href":"https:\/\/concellodezas.gal\/en\/wp-json\/wp\/v2\/media?parent=20032"}],"wp:term":[{"taxonomy":"category","embeddable":true,"href":"https:\/\/concellodezas.gal\/en\/wp-json\/wp\/v2\/categories?post=20032"},{"taxonomy":"post_tag","embeddable":true,"href":"https:\/\/concellodezas.gal\/en\/wp-json\/wp\/v2\/tags?post=20032"}],"curies":[{"name":"wp","href":"https:\/\/api.w.org\/{rel}","templated":true}]}}