{"id":20022,"date":"2025-06-18T23:44:47","date_gmt":"2025-06-18T21:44:47","guid":{"rendered":"https:\/\/concellodezas.org\/?p=20022"},"modified":"2025-12-22T16:47:11","modified_gmt":"2025-12-22T15:47:11","slug":"capturadas-mais-de-10-000-vespas-velutinas-na-campana-de-trampeo-posta-en-marcha-polo-concello-de-zas-na-que-colaboraron-153-vecinos-e-vecinas","status":"publish","type":"post","link":"https:\/\/concellodezas.gal\/en\/capturadas-mais-de-10-000-vespas-velutinas-na-campana-de-trampeo-posta-en-marcha-polo-concello-de-zas-na-que-colaboraron-153-vecinos-e-vecinas\/","title":{"rendered":"Capturadas m\u00e1is de 10.000 vespas velutinas na campa\u00f1a de trampeo posta en marcha polo Concello de Zas na que colaboraron 153 veci\u00f1os e veci\u00f1as"},"content":{"rendered":"<p>O Concello de Zas v\u00e9n de pechar unha nova <a href=\"https:\/\/concellodezas.gal\/o-concello-de-zas-inicia-a-campana-de-trampeo-da-vespa-velutina-coa-instalacion-de-mais-de-500-trampas\/\"><strong>c<\/strong><b>ampa\u00f1a de trampeo da vespa velutina<\/b><\/a> durante a que se capturaron un total de 10.117 vespas velutinas; 2.600 m\u00e1is que o ano anterior.<\/p>\n<p>Este \u00e9 o oitavo ano que o noso municipio pon en marcha esta inciativa sendo unha das primeiras da zona. \u201cComezamos a loitar contra esta praga no ano 2018 xa que entendemos que as campa\u00f1as de trampeo son unha das mellores medidas para erradicar esta especie que causa tantos danos\u201d; sinala o Alcalde de Zas, Manuel Mu\u00ed\u00f1o.<span class=\"Apple-converted-space\">\u00a0<\/span><\/p>\n<p>Na campa\u00f1a deste ano contouse coa colaboraci\u00f3n de 153 veci\u00f1as e veci\u00f1os de todo o municipio que instalaron as trampas que se lles entregou de forma gratuita xunto co l\u00edquido atra\u00ednte correspondente. Seguindo as recomendaci\u00f3ns dos expertos, as trampas instal\u00e1ronse naqueles puntos m\u00e1is sensibles como poden ser as zonas de \u00e1rbores froiteiras, camelias e r\u00edos. Adem\u00e1is destas, o persoal da empresa encargada da campa\u00f1a &#8211; Plaguiber &#8211; instalou trampas noutros 80 puntos de todo o municipio (paseos fluviais, nos exteriores dos edificios p\u00fablicos,\u2026). En total, coloc\u00e1ronse unhas 500 trampas \u00e1s que se lle renovou o l\u00edquido atra\u00ednte de forma peri\u00f3dica.<\/p>\n<p><b>A campa\u00f1a en cifras<\/b><\/p>\n<ul>\n<li>1\u00ba reconto: capturadas 910 vespas velutinas<\/li>\n<li>2\u00ba reconto: capturadas 2.084 vespas velutinas<\/li>\n<li>3\u00ba reconto: capturadas 2.578 vespas velutinas<\/li>\n<li>4\u00ba reconto: capturadas 2.690 vespas velutinas<\/li>\n<li>5\u00ba reconto: capturadas 1.855 vespas velutinas<\/li>\n<li>Total: capturadas 10.117 vespas velutinas<\/li>\n<li><\/li>\n<\/ul>\n<p><b>Retirada de ni\u00f1os<\/b><\/p>\n<p>Nesta \u00e9poca do ano, comezarase a ver os ni\u00f1os polo que dende o Concello de Zas recomendase chamar ao 012 para a solicitar a s\u00faa retirada. Tam\u00e9n \u00e9 posible realizar a comunicaci\u00f3n de ni\u00f1os de vespa velutina a trav\u00e9s do chat da Xunta de Galicia no que hai que facilitar a informaci\u00f3n precisa para xerar o aviso. A este chat acc\u00e9dese a trav\u00e9s da seguinte ligaz\u00f3n: <a href=\"https:\/\/012.xunta.gal\/atencion-a-cidadania\/que-e\">https:\/\/012.xunta.gal\/atencion-a-cidadania\/que-e<\/a><\/p>\n","protected":false},"excerpt":{"rendered":"<p>Durante os meses de marzo, abril e maio instal\u00e1ronse unhas 500 trampas por todo o municipio<\/p>\n","protected":false},"author":5,"featured_media":20023,"comment_status":"open","ping_status":"closed","sticky":false,"template":"","format":"standard","meta":{"slim_seo":{"title":"Capturadas m\u00e1is de 10.000 vespas velutinas na campa\u00f1a de trampeo posta en marcha polo Concello de Zas na que colaboraron 153 veci\u00f1os e veci\u00f1as - Concello de Zas","description":"Durante os meses de marzo, abril e maio instal\u00e1ronse unhas 500 trampas por todo o municipio"},"footnotes":""},"categories":[412],"tags":[],"class_list":["post-20022","post","type-post","status-publish","format-standard","has-post-thumbnail","hentry","category-servizos-sociais"],"_links":{"self":[{"href":"https:\/\/concellodezas.gal\/en\/wp-json\/wp\/v2\/posts\/20022","targetHints":{"allow":["GET"]}}],"collection":[{"href":"https:\/\/concellodezas.gal\/en\/wp-json\/wp\/v2\/posts"}],"about":[{"href":"https:\/\/concellodezas.gal\/en\/wp-json\/wp\/v2\/types\/post"}],"author":[{"embeddable":true,"href":"https:\/\/concellodezas.gal\/en\/wp-json\/wp\/v2\/users\/5"}],"replies":[{"embeddable":true,"href":"https:\/\/concellodezas.gal\/en\/wp-json\/wp\/v2\/comments?post=20022"}],"version-history":[{"count":1,"href":"https:\/\/concellodezas.gal\/en\/wp-json\/wp\/v2\/posts\/20022\/revisions"}],"predecessor-version":[{"id":28987,"href":"https:\/\/concellodezas.gal\/en\/wp-json\/wp\/v2\/posts\/20022\/revisions\/28987"}],"wp:featuredmedia":[{"embeddable":true,"href":"https:\/\/concellodezas.gal\/en\/wp-json\/wp\/v2\/media\/20023"}],"wp:attachment":[{"href":"https:\/\/concellodezas.gal\/en\/wp-json\/wp\/v2\/media?parent=20022"}],"wp:term":[{"taxonomy":"category","embeddable":true,"href":"https:\/\/concellodezas.gal\/en\/wp-json\/wp\/v2\/categories?post=20022"},{"taxonomy":"post_tag","embeddable":true,"href":"https:\/\/concellodezas.gal\/en\/wp-json\/wp\/v2\/tags?post=20022"}],"curies":[{"name":"wp","href":"https:\/\/api.w.org\/{rel}","templated":true}]}}