{"id":20007,"date":"2025-06-16T17:00:42","date_gmt":"2025-06-16T15:00:42","guid":{"rendered":"https:\/\/concellodezas.org\/?p=20007"},"modified":"2025-12-22T16:47:11","modified_gmt":"2025-12-22T15:47:11","slug":"baio-preparase-para-a-festa-da-carballeira-que-se-celebra-o-domingo-29-de-xuno","status":"publish","type":"post","link":"https:\/\/concellodezas.gal\/en\/baio-preparase-para-a-festa-da-carballeira-que-se-celebra-o-domingo-29-de-xuno\/","title":{"rendered":"Baio prep\u00e1rase para a Festa da Carballeira que se celebra o domingo 29 de xu\u00f1o"},"content":{"rendered":"<p>&nbsp;<\/p>\n<p>Como marca a tradici\u00f3n, o \u00faltimo domingo do mes de xu\u00f1o, que este ano ser\u00e1 o d\u00eda 29, cel\u00e9brase a <strong>Festa da Carballeira de Baio<\/strong>; unha das festas cun gran esp\u00edritu familiar e tradicional que ten lugar nun espazo \u00fanico e inclu\u00eddo dentro do <a href=\"https:\/\/concellodezas.gal\/a-carballeira-de-baio-entra-a-formar-parte-do-catalogo-galego-de-arbores-senlleiras\/\">Cat\u00e1logo Galego de \u00c1rbores Senlleiras<\/a>.<\/p>\n<p>Por este motivo, dende a organizaci\u00f3n &#8211; que corre a cargo do Concello de Zas coa colaboraci\u00f3n da Comisi\u00f3n de Festas de Baio e da Asociaci\u00f3n Cultural Adro &#8211; lembramos a importancia de entre todos preservar o lugar evitando pr\u00e1cticas que danen a contorna. Por ese motivo proh\u00edbese entrar cos coches no recinto e estacionar nel, facer lume no chan, instalar carpas pechas e po\u00f1er equipos musicais.<span class=\"Apple-converted-space\">\u00a0<\/span><\/p>\n<p>Unha das novidades deste ano \u00e9 a imaxe do cartel e das camisetas, que xa est\u00e1n a venda no Bar Tr\u00e9bol, en Casa Rogelio e na Cervecer\u00eda R\u00edo Grande; \u00e9 que estrean unha imaxe totalmente renovada formada por un mapa cos lugares m\u00e1is relevantes inclu\u00eddos dentro do Carreiro do R\u00edo.<\/p>\n<p>Coma sempre, ser\u00e1 un d\u00eda cargado de reencontros, de merendas familiares e de moita animaci\u00f3n. A m\u00fasica comezar\u00e1 a soar a partir das 12:00 horas da man do grupo de gaitas da Asociaci\u00f3n Cultural Adro. DJ Exp\u00f3sito, D\u00fao La Mekanica e o D\u00fao Son 2 encargaranse de animar a sesi\u00f3n verm\u00fa e a verbena. E pola tarde a Charanga Noroeste levar\u00e1 a s\u00faa m\u00fasica polas mesas.<\/p>\n","protected":false},"excerpt":{"rendered":"<p>Co fin de preservar este espazo natural e de manter o bo ambiente non se poder\u00e1 aparcar no recinto, facer lume no chan, po\u00f1er equipos musicais nin instalar carpas<br \/>\nO Concello de Zas organiza esta festa, coa colaboraci\u00f3n da Comisi\u00f3n de Festas de Baio e da Asociaci\u00f3n Cultural Adro, que este ano estrea un dese\u00f1o renovado<\/p>\n","protected":false},"author":5,"featured_media":20016,"comment_status":"open","ping_status":"closed","sticky":false,"template":"","format":"standard","meta":{"slim_seo":{"title":"Baio prep\u00e1rase para a Festa da Carballeira que se celebra o domingo 29 de xu\u00f1o - Concello de Zas","description":"Co fin de preservar este espazo natural e de manter o bo ambiente non se poder\u00e1 aparcar no recinto, facer lume no chan, po\u00f1er equipos musicais nin instalar carp"},"footnotes":""},"categories":[413],"tags":[],"class_list":["post-20007","post","type-post","status-publish","format-standard","has-post-thumbnail","hentry","category-cultura-e-deportes"],"_links":{"self":[{"href":"https:\/\/concellodezas.gal\/en\/wp-json\/wp\/v2\/posts\/20007","targetHints":{"allow":["GET"]}}],"collection":[{"href":"https:\/\/concellodezas.gal\/en\/wp-json\/wp\/v2\/posts"}],"about":[{"href":"https:\/\/concellodezas.gal\/en\/wp-json\/wp\/v2\/types\/post"}],"author":[{"embeddable":true,"href":"https:\/\/concellodezas.gal\/en\/wp-json\/wp\/v2\/users\/5"}],"replies":[{"embeddable":true,"href":"https:\/\/concellodezas.gal\/en\/wp-json\/wp\/v2\/comments?post=20007"}],"version-history":[{"count":1,"href":"https:\/\/concellodezas.gal\/en\/wp-json\/wp\/v2\/posts\/20007\/revisions"}],"predecessor-version":[{"id":28988,"href":"https:\/\/concellodezas.gal\/en\/wp-json\/wp\/v2\/posts\/20007\/revisions\/28988"}],"wp:featuredmedia":[{"embeddable":true,"href":"https:\/\/concellodezas.gal\/en\/wp-json\/wp\/v2\/media\/20016"}],"wp:attachment":[{"href":"https:\/\/concellodezas.gal\/en\/wp-json\/wp\/v2\/media?parent=20007"}],"wp:term":[{"taxonomy":"category","embeddable":true,"href":"https:\/\/concellodezas.gal\/en\/wp-json\/wp\/v2\/categories?post=20007"},{"taxonomy":"post_tag","embeddable":true,"href":"https:\/\/concellodezas.gal\/en\/wp-json\/wp\/v2\/tags?post=20007"}],"curies":[{"name":"wp","href":"https:\/\/api.w.org\/{rel}","templated":true}]}}