{"id":19996,"date":"2025-06-13T16:30:52","date_gmt":"2025-06-13T14:30:52","guid":{"rendered":"https:\/\/concellodezas.org\/?p=19996"},"modified":"2025-12-22T16:47:11","modified_gmt":"2025-12-22T15:47:11","slug":"adega-estrea-a-sua-campana-sumateacorrente-cunha-xornada-de-portas-abertas-na-carballeira-de-baio","status":"publish","type":"post","link":"https:\/\/concellodezas.gal\/en\/adega-estrea-a-sua-campana-sumateacorrente-cunha-xornada-de-portas-abertas-na-carballeira-de-baio\/","title":{"rendered":"Adega estrea a s\u00faa campa\u00f1a #S\u00famate\u00e1Corrente cunha xornada de portas abertas na Carballeira de Baio"},"content":{"rendered":"<p>A <a href=\"https:\/\/adega.gal\/\">organizaci\u00f3n ecoloxista ADEGA<\/a> celebra os 20 anos dunha das s\u00faas iniciativas m\u00e1is emblem\u00e1ticas e pioneiras, o Proxecto R\u00edos, o programa de voluntariado ambiental en r\u00edos con maior implantaci\u00f3n e seguimento no territorio galego.<\/p>\n<p>Con motivo deste aniversario, Proxecto R\u00edos organiza ma\u00f1\u00e1\u00a0<b>s\u00e1bado, 14 de xu\u00f1o<\/b>, unha xornada de portas abertas organizada coa colaboraci\u00f3n do Concello de Zas, para dar a co\u00f1ecer as actividades que se desenvolven no marco da iniciativa. Esta actividade inaugura a campa\u00f1a #S\u00famate\u00e1Corrente, impulsada polo proxecto co obxectivo de ampliar a s\u00faa base de voluntariado, nun momento no que os r\u00edos nos precisan m\u00e1is ca nunca.<\/p>\n<p>O evento ter\u00e1 lugar na contorna da<b>\u00a0Carballeira de Baio entre as 10:30 e as 13:30 horas<\/b>. Proxecto R\u00edos chama \u00e1 participaci\u00f3n de toda a veci\u00f1anza interesada en co\u00f1ecer o r\u00edo Baio desde unha perspectiva diferente e en participar nunha xornada de voluntariado ambiental nun espazo natural. Esta primeira acci\u00f3n da campa\u00f1a #S\u00famate\u00e1Corrente pretende dar a co\u00f1ecer o traballo que se desenvolve no Proxecto R\u00edos e incentivar a participaci\u00f3n social na iniciativa. O programa incl\u00fae a recepci\u00f3n do voluntariado na Praza Jorge Mira, unha presentaci\u00f3n do proxecto, e unha actividade pr\u00e1ctica de inspecci\u00f3n e an\u00e1lise da calidade do\u00a0<b>r\u00edo de Baio<\/b>.<\/p>\n<p>Esta actividade conta co financiamento da Deputaci\u00f3n da Coru\u00f1a e co apoio do Concello de Zas. \u00c9 gratu\u00edta e para participar \u00e9 necesario anotarse previamente\u00a0<a href=\"https:\/\/docs.google.com\/forms\/d\/e\/1FAIpQLSeJFJjulxvHoXzmbnNfbmO_DH-gJkC1z__LYO7N9rxqUp6rpw\/viewform\">a trav\u00e9s de formulario<\/a>.\u00a0Dende o Concello de Zas e dende Adega animamos a todas as entidades locais e veci\u00f1anza a\u00a0<b>sumarse \u00e1 corrente<\/b>\u00a0e participar nesta e nas demais actividades desenvolvidas no marco do Proxecto R\u00edos, que impulsar\u00e1 ao longo deste presente ano numerosos cursos e sa\u00eddas de formaci\u00f3n, bioblitzs (descubertas de biodiversidade), limpezas de r\u00edos, roteiros, e tam\u00e9n iniciativas de custodia fluvial.<\/p>\n","protected":false},"excerpt":{"rendered":"<p>Esta \u00e9 unha xornada aberta a toda a veci\u00f1anza que se realizar\u00e1 ma\u00f1\u00e1 de 10:30 a 13:30 horas<\/p>\n","protected":false},"author":5,"featured_media":19997,"comment_status":"open","ping_status":"closed","sticky":false,"template":"","format":"standard","meta":{"slim_seo":{"title":"Adega estrea a s\u00faa campa\u00f1a #S\u00famate\u00e1Corrente cunha xornada de portas abertas na Carballeira de Baio - Concello de Zas","description":"Esta \u00e9 unha xornada aberta a toda a veci\u00f1anza que se realizar\u00e1 ma\u00f1\u00e1 de 10:30 a 13:30 horas"},"footnotes":""},"categories":[413],"tags":[],"class_list":["post-19996","post","type-post","status-publish","format-standard","has-post-thumbnail","hentry","category-cultura-e-deportes"],"_links":{"self":[{"href":"https:\/\/concellodezas.gal\/en\/wp-json\/wp\/v2\/posts\/19996","targetHints":{"allow":["GET"]}}],"collection":[{"href":"https:\/\/concellodezas.gal\/en\/wp-json\/wp\/v2\/posts"}],"about":[{"href":"https:\/\/concellodezas.gal\/en\/wp-json\/wp\/v2\/types\/post"}],"author":[{"embeddable":true,"href":"https:\/\/concellodezas.gal\/en\/wp-json\/wp\/v2\/users\/5"}],"replies":[{"embeddable":true,"href":"https:\/\/concellodezas.gal\/en\/wp-json\/wp\/v2\/comments?post=19996"}],"version-history":[{"count":1,"href":"https:\/\/concellodezas.gal\/en\/wp-json\/wp\/v2\/posts\/19996\/revisions"}],"predecessor-version":[{"id":28990,"href":"https:\/\/concellodezas.gal\/en\/wp-json\/wp\/v2\/posts\/19996\/revisions\/28990"}],"wp:featuredmedia":[{"embeddable":true,"href":"https:\/\/concellodezas.gal\/en\/wp-json\/wp\/v2\/media\/19997"}],"wp:attachment":[{"href":"https:\/\/concellodezas.gal\/en\/wp-json\/wp\/v2\/media?parent=19996"}],"wp:term":[{"taxonomy":"category","embeddable":true,"href":"https:\/\/concellodezas.gal\/en\/wp-json\/wp\/v2\/categories?post=19996"},{"taxonomy":"post_tag","embeddable":true,"href":"https:\/\/concellodezas.gal\/en\/wp-json\/wp\/v2\/tags?post=19996"}],"curies":[{"name":"wp","href":"https:\/\/api.w.org\/{rel}","templated":true}]}}