{"id":19956,"date":"2025-06-05T17:51:31","date_gmt":"2025-06-05T15:51:31","guid":{"rendered":"https:\/\/concellodezas.org\/?p=19956"},"modified":"2025-12-22T16:47:12","modified_gmt":"2025-12-22T15:47:12","slug":"a-carballeira-de-baio-acolle-o-14-de-xuno-unha-xornada-de-portas-sobre-o-programa-de-voluntariado-ambiental-proxecto-rios-sumate-a-corrente","status":"publish","type":"post","link":"https:\/\/concellodezas.gal\/en\/a-carballeira-de-baio-acolle-o-14-de-xuno-unha-xornada-de-portas-sobre-o-programa-de-voluntariado-ambiental-proxecto-rios-sumate-a-corrente\/","title":{"rendered":"A Carballeira de Baio acolle o 14 de xu\u00f1o unha xornada de portas sobre o programa de voluntariado ambiental \u201cProxecto r\u00edos. S\u00famate \u00e1 corrente!\u201d"},"content":{"rendered":"<p>O vindeiro 14 de xu\u00f1o, a Asociaci\u00f3n para a Defensa Ecol\u00f3xica de Galiza &#8211; ADEGA -, en colaboraci\u00f3n co Concello de Zas, presenta na Carballeira de Baio un dos seus programas de voluntariado ambiental m\u00e1is emblem\u00e1ticos: o \u201cProxecto R\u00edos\u201d.<span class=\"Apple-converted-space\">\u00a0<\/span><\/p>\n<p>A xornada comeza \u00e1s 10:30 horas coa recepci\u00f3n das persoas asistentes na Praza Jorge Mira P\u00e9rez. A continuaci\u00f3n, membros de ADEGA presentar\u00e1n o <b>\u201cProxecto R\u00edos. S\u00famate \u00e1 corrente!\u201d<\/b> xunto coas actividades que se enmarcan neste programa. Este encontro de portas abertas continuar\u00e1 cunha visita ao R\u00edo Grande, ao seu paso pola Carballeira de Baio, co fin de inspeccionar a calidade das augas e o estado de conservaci\u00f3n da s\u00faa ribeira. O espazo foi escollido pola s\u00faa biodiversidade, bo estado de conservaci\u00f3n e pola s\u00faa accesibilidade sendo un dos lugares m\u00e1is relevantes da Costa da Morte. Adem\u00e1is, a Carballeira Municipal de Baio est\u00e1 integrada no cat\u00e1logo de Formaci\u00f3ns Senlleiras.<\/p>\n<p>O Proxecto R\u00edos, ao que se sumou o Goberno Municipal preocupado pola conservaci\u00f3n dos nosos espazos naturais, seguir\u00e1 desenvolv\u00e9ndose ao longo do ano con an\u00e1lises peri\u00f3dicas da calidade das augas.<\/p>\n<p>Para participar nestas xornadas, que \u00e9 totalmente gratu\u00edto, \u00e9 necesario anotarse previamente a trav\u00e9s do seguinte formulario: <a href=\"https:\/\/forms.gle\/2yxNzu4PZ9wGpRHUA\">https:\/\/forms.gle\/2yxNzu4PZ9wGpRHUA<\/a><\/p>\n","protected":false},"excerpt":{"rendered":"<p>A xornada, organizada por ADEGA e o Concello de Zas, ser\u00e1 de 10:30 a 13:30 horas<\/p>\n","protected":false},"author":5,"featured_media":19957,"comment_status":"open","ping_status":"closed","sticky":false,"template":"","format":"standard","meta":{"slim_seo":{"title":"A Carballeira de Baio acolle o 14 de xu\u00f1o unha xornada de portas sobre o programa de voluntariado ambiental \u201cProxecto r\u00edos. S\u00famate \u00e1 corrente!\u201d - Concello de Zas","description":"A xornada, organizada por ADEGA e o Concello de Zas, ser\u00e1 de 10:30 a 13:30 horas"},"footnotes":""},"categories":[412],"tags":[],"class_list":["post-19956","post","type-post","status-publish","format-standard","has-post-thumbnail","hentry","category-servizos-sociais"],"_links":{"self":[{"href":"https:\/\/concellodezas.gal\/en\/wp-json\/wp\/v2\/posts\/19956","targetHints":{"allow":["GET"]}}],"collection":[{"href":"https:\/\/concellodezas.gal\/en\/wp-json\/wp\/v2\/posts"}],"about":[{"href":"https:\/\/concellodezas.gal\/en\/wp-json\/wp\/v2\/types\/post"}],"author":[{"embeddable":true,"href":"https:\/\/concellodezas.gal\/en\/wp-json\/wp\/v2\/users\/5"}],"replies":[{"embeddable":true,"href":"https:\/\/concellodezas.gal\/en\/wp-json\/wp\/v2\/comments?post=19956"}],"version-history":[{"count":1,"href":"https:\/\/concellodezas.gal\/en\/wp-json\/wp\/v2\/posts\/19956\/revisions"}],"predecessor-version":[{"id":28995,"href":"https:\/\/concellodezas.gal\/en\/wp-json\/wp\/v2\/posts\/19956\/revisions\/28995"}],"wp:featuredmedia":[{"embeddable":true,"href":"https:\/\/concellodezas.gal\/en\/wp-json\/wp\/v2\/media\/19957"}],"wp:attachment":[{"href":"https:\/\/concellodezas.gal\/en\/wp-json\/wp\/v2\/media?parent=19956"}],"wp:term":[{"taxonomy":"category","embeddable":true,"href":"https:\/\/concellodezas.gal\/en\/wp-json\/wp\/v2\/categories?post=19956"},{"taxonomy":"post_tag","embeddable":true,"href":"https:\/\/concellodezas.gal\/en\/wp-json\/wp\/v2\/tags?post=19956"}],"curies":[{"name":"wp","href":"https:\/\/api.w.org\/{rel}","templated":true}]}}