{"id":19920,"date":"2025-05-21T18:47:27","date_gmt":"2025-05-21T16:47:27","guid":{"rendered":"https:\/\/concellodezas.org\/?p=19920"},"modified":"2025-12-22T16:47:12","modified_gmt":"2025-12-22T15:47:12","slug":"o-auditorio-de-baio-acolle-este-domingo-a-representacion-de-catro-obras-de-teatro-de-labarta-pose","status":"publish","type":"post","link":"https:\/\/concellodezas.gal\/en\/o-auditorio-de-baio-acolle-este-domingo-a-representacion-de-catro-obras-de-teatro-de-labarta-pose\/","title":{"rendered":"O Auditorio de Baio acolle este domingo a representaci\u00f3n de catro obras de teatro de Labarta Pose"},"content":{"rendered":"<p>Este domingo pechamos a programaci\u00f3n especial dese\u00f1ada polo Concello de Zas con motivo da <a href=\"https:\/\/concellodezas.gal\/o-concello-de-zas-rindelle-unha-emotiva-homenaxe-a-enrique-labarta-pose-o-dia-no-que-se-cumplen-100-anos-do-seu-falecemento\/\"><b>conmemoraci\u00f3n dos 100 anos do falecemento de Enrique Labarta Pose<\/b><\/a>. Far\u00e9molo coa representaci\u00f3n dalgunhas das s\u00faas obras de teatro m\u00e1is populares que interpretar\u00e1n o alumnado do CEIP Labarta Pose e os actores e actrices do grupo de teatro Badius.<\/p>\n<p>\u201cO t\u00edo Sanfona\u201d, \u201cA lingua pequena\u201d, \u201cFalade Galego!\u201d e \u201cUnha boa misa\u201d son as catro obras que se interpretar\u00e1n este domingo, 25 de maio, a partir das 18:30 horas no Auditorio de Baio. A entrada \u00e9 de balde.<span class=\"Apple-converted-space\">\u00a0<\/span><\/p>\n<p>Esta actividade s\u00famase \u00e1s realizadas durante este mes de maio no marco do programa do centenario do pasamento de Enrique Labarta Pose.<span class=\"Apple-converted-space\">\u00a0<\/span><\/p>\n","protected":false},"excerpt":{"rendered":"<p>Alumnado do CEIP Labarta Pose e membros do grupo de teatro Badius interpretar\u00e1n \u201cO t\u00edo Sanfona\u201d, \u201cA lingua pequena\u201d, \u201cFalade Galego!\u201d E \u201cUnha boa misa\u201d<\/p>\n","protected":false},"author":5,"featured_media":19921,"comment_status":"open","ping_status":"closed","sticky":false,"template":"","format":"standard","meta":{"slim_seo":{"title":"O Auditorio de Baio acolle este domingo a representaci\u00f3n de catro obras de teatro de Labarta Pose - Concello de Zas","description":"Alumnado do CEIP Labarta Pose e membros do grupo de teatro Badius interpretar\u00e1n \u201cO t\u00edo Sanfona\u201d, \u201cA lingua pequena\u201d, \u201cFalade Galego!\u201d E \u201cUnha boa misa\u201d"},"footnotes":""},"categories":[413],"tags":[],"class_list":["post-19920","post","type-post","status-publish","format-standard","has-post-thumbnail","hentry","category-cultura-e-deportes"],"_links":{"self":[{"href":"https:\/\/concellodezas.gal\/en\/wp-json\/wp\/v2\/posts\/19920","targetHints":{"allow":["GET"]}}],"collection":[{"href":"https:\/\/concellodezas.gal\/en\/wp-json\/wp\/v2\/posts"}],"about":[{"href":"https:\/\/concellodezas.gal\/en\/wp-json\/wp\/v2\/types\/post"}],"author":[{"embeddable":true,"href":"https:\/\/concellodezas.gal\/en\/wp-json\/wp\/v2\/users\/5"}],"replies":[{"embeddable":true,"href":"https:\/\/concellodezas.gal\/en\/wp-json\/wp\/v2\/comments?post=19920"}],"version-history":[{"count":1,"href":"https:\/\/concellodezas.gal\/en\/wp-json\/wp\/v2\/posts\/19920\/revisions"}],"predecessor-version":[{"id":29001,"href":"https:\/\/concellodezas.gal\/en\/wp-json\/wp\/v2\/posts\/19920\/revisions\/29001"}],"wp:featuredmedia":[{"embeddable":true,"href":"https:\/\/concellodezas.gal\/en\/wp-json\/wp\/v2\/media\/19921"}],"wp:attachment":[{"href":"https:\/\/concellodezas.gal\/en\/wp-json\/wp\/v2\/media?parent=19920"}],"wp:term":[{"taxonomy":"category","embeddable":true,"href":"https:\/\/concellodezas.gal\/en\/wp-json\/wp\/v2\/categories?post=19920"},{"taxonomy":"post_tag","embeddable":true,"href":"https:\/\/concellodezas.gal\/en\/wp-json\/wp\/v2\/tags?post=19920"}],"curies":[{"name":"wp","href":"https:\/\/api.w.org\/{rel}","templated":true}]}}