{"id":19911,"date":"2025-05-16T15:32:30","date_gmt":"2025-05-16T13:32:30","guid":{"rendered":"https:\/\/concellodezas.org\/?p=19911"},"modified":"2025-12-22T16:47:12","modified_gmt":"2025-12-22T15:47:12","slug":"aberto-o-prazo-de-inscricion-para-a-x-carreira-pedestre-concello-de-zas-que-se-celebra-o-7-de-xuno","status":"publish","type":"post","link":"https:\/\/concellodezas.gal\/en\/aberto-o-prazo-de-inscricion-para-a-x-carreira-pedestre-concello-de-zas-que-se-celebra-o-7-de-xuno\/","title":{"rendered":"Aberto o prazo de inscrici\u00f3n para a X Carreira Pedestre Concello de Zas que se celebra o 7 de xu\u00f1o"},"content":{"rendered":"<p>O vindeiro 7 de xu\u00f1o pola tarde celebramos a <b>X Carreira Pedestre do Concello de Zas<\/b>, que est\u00e1 inclu\u00edda no XI Circuito Correndo pola Costa da Morte no que participan outros nove municipios m\u00e1is da zona.<span class=\"Apple-converted-space\">\u00a0<\/span><\/p>\n<p>Ao igual que nas pasadas edici\u00f3ns, a maior parte dos percorridos discorren por tramos combinados de asfalto e cami\u00f1os de terra, pasando por lugares como o paseo fluvial de Zas no caso da 10k, o que a convirten nunha das carreiras \u201cm\u00e1is verdes\u201d de todo o <a href=\"https:\/\/correndopolacostadamorte.com\/\">Circuito Correndo pola Costa da Morte<\/a>.<span class=\"Apple-converted-space\">\u00a0<\/span><\/p>\n<p>Tanto o punto de sa\u00edda como o de chegada estar\u00e1 situado na praza do Concello. Estas son as diferentes categor\u00edas e horarios de sa\u00edda:<\/p>\n<ul>\n<li>Sub 10: 17:10 horas<\/li>\n<li>Sub 12: 17:25 horas<\/li>\n<li>3k Contra o Cancro Absoluta: 18:00 horas<\/li>\n<li>3k Contra o Cancro sub 14-16-18: 18:02 horas<\/li>\n<li>10k: 18:45 horas<\/li>\n<li>Pitufos: 20:00 horas<\/li>\n<\/ul>\n<p><b>Inscrici\u00f3ns<\/b><\/p>\n<p>O prazo de inscrici\u00f3n est\u00e1 aberto ata as 23:59 horas do vindeiro 3 de xu\u00f1o e o custe \u00e9 de 8\u20ac, m\u00e1is 1\u20ac de aluguer de chip. A participaci\u00f3n nas categor\u00edas base \u00e9 gratu\u00edta sendo necesario anotarse previamente.<\/p>\n<p>Na seguinte ligaz\u00f3n atoparedes toda a informaci\u00f3n relativa a este evento e tam\u00e9n o lugar para realizar a inscrici\u00f3n: <a href=\"https:\/\/correndopolacostadamorte.com\/es\/web\/evento\/2955\/\">https:\/\/correndopolacostadamorte.com\/es\/web\/evento\/2955\/<\/a><\/p>\n","protected":false},"excerpt":{"rendered":"<p>O punto de sa\u00edda e de chegada estar\u00e1 ubicado na Praza do Concello <\/p>\n","protected":false},"author":5,"featured_media":19912,"comment_status":"open","ping_status":"closed","sticky":false,"template":"","format":"standard","meta":{"slim_seo":{"title":"Aberto o prazo de inscrici\u00f3n para a X Carreira Pedestre Concello de Zas que se celebra o 7 de xu\u00f1o - Concello de Zas","description":"O punto de sa\u00edda e de chegada estar\u00e1 ubicado na Praza do Concello"},"footnotes":""},"categories":[413],"tags":[],"class_list":["post-19911","post","type-post","status-publish","format-standard","has-post-thumbnail","hentry","category-cultura-e-deportes"],"_links":{"self":[{"href":"https:\/\/concellodezas.gal\/en\/wp-json\/wp\/v2\/posts\/19911","targetHints":{"allow":["GET"]}}],"collection":[{"href":"https:\/\/concellodezas.gal\/en\/wp-json\/wp\/v2\/posts"}],"about":[{"href":"https:\/\/concellodezas.gal\/en\/wp-json\/wp\/v2\/types\/post"}],"author":[{"embeddable":true,"href":"https:\/\/concellodezas.gal\/en\/wp-json\/wp\/v2\/users\/5"}],"replies":[{"embeddable":true,"href":"https:\/\/concellodezas.gal\/en\/wp-json\/wp\/v2\/comments?post=19911"}],"version-history":[{"count":1,"href":"https:\/\/concellodezas.gal\/en\/wp-json\/wp\/v2\/posts\/19911\/revisions"}],"predecessor-version":[{"id":29002,"href":"https:\/\/concellodezas.gal\/en\/wp-json\/wp\/v2\/posts\/19911\/revisions\/29002"}],"wp:featuredmedia":[{"embeddable":true,"href":"https:\/\/concellodezas.gal\/en\/wp-json\/wp\/v2\/media\/19912"}],"wp:attachment":[{"href":"https:\/\/concellodezas.gal\/en\/wp-json\/wp\/v2\/media?parent=19911"}],"wp:term":[{"taxonomy":"category","embeddable":true,"href":"https:\/\/concellodezas.gal\/en\/wp-json\/wp\/v2\/categories?post=19911"},{"taxonomy":"post_tag","embeddable":true,"href":"https:\/\/concellodezas.gal\/en\/wp-json\/wp\/v2\/tags?post=19911"}],"curies":[{"name":"wp","href":"https:\/\/api.w.org\/{rel}","templated":true}]}}