{"id":19897,"date":"2025-05-14T06:50:55","date_gmt":"2025-05-14T04:50:55","guid":{"rendered":"https:\/\/concellodezas.org\/?p=19897"},"modified":"2025-12-22T16:47:12","modified_gmt":"2025-12-22T15:47:12","slug":"o-concello-de-zas-rindelle-unha-emotiva-homenaxe-a-enrique-labarta-pose-o-dia-no-que-se-cumplen-100-anos-do-seu-falecemento","status":"publish","type":"post","link":"https:\/\/concellodezas.gal\/en\/o-concello-de-zas-rindelle-unha-emotiva-homenaxe-a-enrique-labarta-pose-o-dia-no-que-se-cumplen-100-anos-do-seu-falecemento\/","title":{"rendered":"O Concello de Zas r\u00edndelle unha emotiva  homenaxe a Enrique Labarta Pose o d\u00eda no  que se cumplen 100 anos do seu falecemento"},"content":{"rendered":"<p>&nbsp;<\/p>\n<p>\u201cSi por fado do Perello \/ morro lonxe da terri\u00f1a, \/ anque sexa por correio \/<span class=\"Apple-converted-space\">\u00a0<\/span>mand\u00e1dema \u00e1 mi\u00f1a aldea! \/ Si eiqu\u00ed me enterran eu toleo! \/ Non me acostumo antre mortos \/<span class=\"Apple-converted-space\">\u00a0<\/span>que non falan o gallego!\u201d. Esta \u00e9 unha parte do poema \u201cQue me enterren al\u00f3!\u201d de <a href=\"https:\/\/enriquelabartapose.concellodezas.org\/\"><strong>Enrique<span class=\"Apple-converted-space\">\u00a0<\/span>Labarta Pose<\/strong> <\/a>recitado esta ma\u00f1\u00e1 por Alexandra Rilo, alumna do CEIP Labarta Pose, no acto de<span class=\"Apple-converted-space\">\u00a0<\/span>homenaxe ao bardo bai\u00e9s organizado polo Concello de Zas con motivo da conmemoraci\u00f3n dos<span class=\"Apple-converted-space\">\u00a0<\/span>100 anos do seu falecemento.<span class=\"Apple-converted-space\">\u00a0<\/span><\/p>\n<p>Tal d\u00eda como hoxe, <strong>hai exactamente 100 anos, Enrique Labarta Pose falec\u00eda en Barcelona<\/strong> ao<span class=\"Apple-converted-space\">\u00a0<\/span>non superar as graves feridas sufridas uns d\u00edas antes durante un accidente de tren. Pese ao<span class=\"Apple-converted-space\">\u00a0<\/span>esforzo do Concello de Zas por traer as s\u00faas cinzas, resultando imposible por estar nunha fosa<span class=\"Apple-converted-space\">\u00a0<\/span>com\u00fan, dende esta ma\u00f1\u00e1 Enrique Labarta Pose xace de forma simb\u00f3lica na Praza Jorge Mira<span class=\"Apple-converted-space\">\u00a0<\/span>P\u00e9rez ao car\u00f3n dun fermoso monumento realizado polo escultor Marcos L\u00f3pez descuberto\u00a0hoxe mesmo.<span class=\"Apple-converted-space\">\u00a0<\/span><\/p>\n<p>\u201cA pegada de Labarta Pose non s\u00f3 se queda no Concello de Zas se non que abrangue a toda a<span class=\"Apple-converted-space\">\u00a0<\/span>Costa da Morte\u201d. As\u00ed comezou o Alcalde de Zas, Manuel Mu\u00ed\u00f1o, o emotivo acto que reuniu a<strong><span class=\"Apple-converted-space\">\u00a0<\/span>m\u00e1is de 200 alumnos e alumnas dos tres centros de ensino do municipio<\/strong>; veci\u00f1os e veci\u00f1as;<span class=\"Apple-converted-space\">\u00a0<\/span>membros da <strong>Comisi\u00f3n Labarta Pose<\/strong>; <strong>\u00c1ngel Labarta<\/strong>, parente do escritor; distintas<span class=\"Apple-converted-space\">\u00a0<\/span>personalidades da Costa da Morte; Rosario \u00c1lvarez, <strong>Presidenta do Consello da Cultura Galega<\/strong>;<span class=\"Apple-converted-space\">\u00a0<\/span>Concha Losada, <strong>Presidenta do Museo do Pobo Galego<\/strong>; Manolo Gonz\u00e1lez, membro numerario<span class=\"Apple-converted-space\">\u00a0<\/span>da <strong>Real Academia Galega<\/strong>; e Mar\u00eda Dolores S\u00e1nchez Palomino, membro da Comisi\u00f3n Executiva<span class=\"Apple-converted-space\">\u00a0<\/span>da RAG.<span class=\"Apple-converted-space\">\u00a0<\/span><\/p>\n<p>Durante esta merecida homenaxe, realizouse un acto simb\u00f3lico do soterramento de Enrique<span class=\"Apple-converted-space\">\u00a0<\/span>Labarta Pose cumprindo dalgunha maneira o seu desexo de que os seus restos descasaran na<span class=\"Apple-converted-space\">\u00a0<\/span>vila que o viu nacer. Os nenos e nenas dos diferentes centros educativos do Concello<span class=\"Apple-converted-space\">\u00a0<\/span>encarg\u00e1ronse desta parte do acto xunto cunha ofrenda floral con 50 craveis brancos.<span class=\"Apple-converted-space\">\u00a0<\/span><\/p>\n<p>\u201cLabarta \u00e9 un persoeiro do que nos podemos sentir orgullosos na historia cultural de Galicia.<span class=\"Apple-converted-space\">\u00a0<\/span>Foi un gran literato. Un extraordinario poeta que defendeu xa na s\u00faa \u00e9poca \u00e1s mulleres, a nosa<span class=\"Apple-converted-space\">\u00a0<\/span>fala, entre outros moitos temas\u201d, destacou Manuel Gonz\u00e1lez, membro numerario da Real<span class=\"Apple-converted-space\">\u00a0<\/span>Academia Galega. Durante o acto tam\u00e9n interviron outras autoridades presentes quen<span class=\"Apple-converted-space\">\u00a0<\/span>coincidiron en destacar a importancia da figura de Enrique Labarta Pose.<span class=\"Apple-converted-space\">\u00a0<\/span><\/p>\n<p>O Alcalde, Manuel Mu\u00ed\u00f1o, encargouse de pechar a homenaxe incidindo en que \u201cdende hoxe<span class=\"Apple-converted-space\">\u00a0<\/span>temos un anaco da s\u00faa alma con n\u00f3s grazas a este soterramento de parte da s\u00faa obra e cunha<span class=\"Apple-converted-space\">\u00a0<\/span>escultura coa que o recordaremos cada vez que pasemos por aqu\u00ed\u201d. \u201cDende hoxe xace na Praza<span class=\"Apple-converted-space\">\u00a0<\/span>Jorge Mira un dos homes bos e xenerosos\u201d, rematou.<span class=\"Apple-converted-space\">\u00a0<\/span><\/p>\n","protected":false},"excerpt":{"rendered":"<p>Foi nun acto que tivo lugar esta ma\u00f1\u00e1 na Praza Jorge Mira P\u00e9rez de Baio e no que participaron uns 200 estudantes dos tres centros de ensino do municipio, membros da Corporaci\u00f3n Municipal, da Comisi\u00f3n Labarta, da Real Academia Galega e do Museo do Pobo Galego<br \/>\n\u2022 Descubriuse un monumento na s\u00faa honra, f\u00edxose un enterramento simb\u00f3lico xunto cunha ofrenda floral e leuse o seu poema \u201cQue me enterren al\u00f3!\u201d<\/p>\n","protected":false},"author":5,"featured_media":19899,"comment_status":"open","ping_status":"closed","sticky":false,"template":"","format":"standard","meta":{"slim_seo":{"title":"O Concello de Zas r\u00edndelle unha emotiva homenaxe a Enrique Labarta Pose o d\u00eda no que se cumplen 100 anos do seu falecemento - Concello de Zas","description":"Foi nun acto que tivo lugar esta ma\u00f1\u00e1 na Praza Jorge Mira P\u00e9rez de Baio e no que participaron uns 200 estudantes dos tres centros de ensino do municipio, membro"},"footnotes":""},"categories":[413],"tags":[],"class_list":["post-19897","post","type-post","status-publish","format-standard","has-post-thumbnail","hentry","category-cultura-e-deportes"],"_links":{"self":[{"href":"https:\/\/concellodezas.gal\/en\/wp-json\/wp\/v2\/posts\/19897","targetHints":{"allow":["GET"]}}],"collection":[{"href":"https:\/\/concellodezas.gal\/en\/wp-json\/wp\/v2\/posts"}],"about":[{"href":"https:\/\/concellodezas.gal\/en\/wp-json\/wp\/v2\/types\/post"}],"author":[{"embeddable":true,"href":"https:\/\/concellodezas.gal\/en\/wp-json\/wp\/v2\/users\/5"}],"replies":[{"embeddable":true,"href":"https:\/\/concellodezas.gal\/en\/wp-json\/wp\/v2\/comments?post=19897"}],"version-history":[{"count":1,"href":"https:\/\/concellodezas.gal\/en\/wp-json\/wp\/v2\/posts\/19897\/revisions"}],"predecessor-version":[{"id":29004,"href":"https:\/\/concellodezas.gal\/en\/wp-json\/wp\/v2\/posts\/19897\/revisions\/29004"}],"wp:featuredmedia":[{"embeddable":true,"href":"https:\/\/concellodezas.gal\/en\/wp-json\/wp\/v2\/media\/19899"}],"wp:attachment":[{"href":"https:\/\/concellodezas.gal\/en\/wp-json\/wp\/v2\/media?parent=19897"}],"wp:term":[{"taxonomy":"category","embeddable":true,"href":"https:\/\/concellodezas.gal\/en\/wp-json\/wp\/v2\/categories?post=19897"},{"taxonomy":"post_tag","embeddable":true,"href":"https:\/\/concellodezas.gal\/en\/wp-json\/wp\/v2\/tags?post=19897"}],"curies":[{"name":"wp","href":"https:\/\/api.w.org\/{rel}","templated":true}]}}