{"id":19845,"date":"2025-05-08T19:22:55","date_gmt":"2025-05-08T17:22:55","guid":{"rendered":"https:\/\/concellodezas.org\/?p=19845"},"modified":"2026-03-06T10:45:23","modified_gmt":"2026-03-06T09:45:23","slug":"arranca-baio-ten-as-letras","status":"publish","type":"post","link":"https:\/\/concellodezas.gal\/en\/arranca-baio-ten-as-letras\/","title":{"rendered":"Arranca \u201cBaio ten as Letras\u201d"},"content":{"rendered":"\n<p>Esta tarde presentouse na Praza Jorge Mira P\u00e9rez a ruta de tapas que se poder\u00e1 realizar os d\u00edas 9, 10 e 11 de maio en diferentes establecementos hostaleiros da vila con motivo da campa\u00f1a <b>\u201cBaio ten as Letras\u201d<\/b>.<\/p>\n\n\n\n<p>\u201cPonse en marcha unha campa\u00f1a comercial consolidada no noso calendario que \u00e9 un \u00e9xito edici\u00f3n tras edici\u00f3n\u201d, sinalou o Alcalde de Zas, Manuel Mu\u00ed\u00f1o, durante o acto desta tarde. \u201cUnha das novidades deste ano \u00e9 que coorganizamos este evento xunto con BaiOn Asociaci\u00f3n polo que, ao igual ca sempre, dende o Concello apoiamos este tipo de iniciativas para revitalizar o noso comercio\u201d, indicou Mu\u00ed\u00f1o.<span class=\"Apple-converted-space\">&nbsp;<\/span><\/p>\n\n\n\n<p>Pola s\u00faa banda, representantes da BaiOn Asociaci\u00f3n aseguraron \u201ccomezar con moita ilusi\u00f3n esta nova etapa\u201d e animaron a vir estes d\u00edas a Baio xa que haber\u00e1 durantes os tres d\u00edas unha ampla oferta de actividades culturais para todos os p\u00fablicos ademais dos descontos nos comercios locais e da ruta gastron\u00f3mica de pinchos.<\/p>\n\n\n\n<p>Estes son os locais participantes na ruta gastron\u00f3mica de tapas:<\/p>\n\n\n\n<p><b>O Calvario<\/b><\/p>\n\n\n\n<ul class=\"wp-block-list\">\n<li>Alb\u00f3ndigas de tenreira con guarnici\u00f3n<\/li>\n\n\n\n<li>Flan de caramelo con queixo<\/li>\n<\/ul>\n\n\n\n<p><b>Casa Rogelio<\/b><\/p>\n\n\n\n<ul class=\"wp-block-list\">\n<li>Filloa rechea de langostino<\/li>\n\n\n\n<li>Postres variados<\/li>\n\n\n\n<li>Serranito Casa Roller (venres e domingo)<\/li>\n\n\n\n<li>Salpic\u00f3n \u201cCosta da Morte\u201d (s\u00e1bado)<\/li>\n<\/ul>\n\n\n\n<p><b>Bar Tr\u00e9bol<\/b><\/p>\n\n\n\n<ul class=\"wp-block-list\">\n<li>Fajita<\/li>\n\n\n\n<li>Tosta de xam\u00f3n asado e tomate<\/li>\n\n\n\n<li>Tarta tres chocolates<\/li>\n<\/ul>\n\n\n\n<p><b>Cervecer\u00eda R\u00edo Grande<\/b><\/p>\n\n\n\n<ul class=\"wp-block-list\">\n<li>Solomillo de porco con champi\u00f1\u00f3ns<\/li>\n\n\n\n<li>Peituga de polo rechea<\/li>\n\n\n\n<li>Postre sorpresa<\/li>\n<\/ul>\n\n\n\n<p><b>Cervecer\u00eda Man\u00e9<\/b><\/p>\n\n\n\n<ul class=\"wp-block-list\">\n<li>Carrilleras estofadas con pur\u00e9<\/li>\n\n\n\n<li>Gulas \u00f3 \u201cajillo\u201d con gambas, xam\u00f3n serrano e ovo<\/li>\n<\/ul>\n\n\n\n<p><b>A Lareira<\/b><\/p>\n\n\n\n<ul class=\"wp-block-list\">\n<li>Magret de pato con froitos da Fraga (prato especial)<\/li>\n<\/ul>\n\n\n\n<p>As tapas te\u00f1en un custo de 2,5\u20ac; 3,50\u20ac unha tapa e un quinto; e 4\u20ac a tapa e un vi\u00f1o entre os que se poder\u00e1n elixir entre branco ou tinto seguindo as recomendaci\u00f3ns de Distribuci\u00f3ns Vilari\u00f1o. As tapas serviranse nos diferentes establecementos de 12:00 a 16:00 horas e de 19:00 a 23:00 horas.<\/p>\n\n\n\n<figure class=\"wp-block-image size-large\"><img fetchpriority=\"high\" decoding=\"async\" width=\"1024\" height=\"138\" src=\"https:\/\/concellodezas.gal\/wp-content\/uploads\/2025\/04\/Banner-Actividade-Subvencionada-pola-Deputacion-da-Coruna-1024x138.jpg\" alt=\"Banner Actividade Subvencionada pola Deputacio\u0301n da Corun\u0303a\" class=\"wp-image-30609\" srcset=\"https:\/\/concellodezas.gal\/wp-content\/uploads\/2025\/04\/Banner-Actividade-Subvencionada-pola-Deputacion-da-Coruna-1024x138.jpg 1024w, https:\/\/concellodezas.gal\/wp-content\/uploads\/2025\/04\/Banner-Actividade-Subvencionada-pola-Deputacion-da-Coruna-300x41.jpg 300w, https:\/\/concellodezas.gal\/wp-content\/uploads\/2025\/04\/Banner-Actividade-Subvencionada-pola-Deputacion-da-Coruna-768x104.jpg 768w, https:\/\/concellodezas.gal\/wp-content\/uploads\/2025\/04\/Banner-Actividade-Subvencionada-pola-Deputacion-da-Coruna-1536x207.jpg 1536w, https:\/\/concellodezas.gal\/wp-content\/uploads\/2025\/04\/Banner-Actividade-Subvencionada-pola-Deputacion-da-Coruna.jpg 2000w\" sizes=\"(max-width: 1024px) 100vw, 1024px\" \/><\/figure>\n","protected":false},"excerpt":{"rendered":"<p>Esta tarde presentouse na Praza Jorge Mira P\u00e9rez a ruta de tapas que se poder\u00e1 realizar os d\u00edas 9, 10 e 11 de maio en diferentes establecementos hostaleiros da vila con motivo da campa\u00f1a \u201cBaio ten as Letras\u201d. \u201cPonse en marcha unha campa\u00f1a comercial consolidada no noso calendario que \u00e9 un \u00e9xito edici\u00f3n tras edici\u00f3n\u201d, [&hellip;]<\/p>\n","protected":false},"author":5,"featured_media":19846,"comment_status":"open","ping_status":"closed","sticky":false,"template":"","format":"standard","meta":{"slim_seo":{"title":"Arranca \u201cBaio ten as Letras\u201d - Concello de Zas","description":"Esta tarde presentouse na Praza Jorge Mira P\u00e9rez a ruta de tapas que se poder\u00e1 realizar os d\u00edas 9, 10 e 11 de maio en diferentes establecementos hostaleiros da"},"footnotes":""},"categories":[413],"tags":[],"class_list":["post-19845","post","type-post","status-publish","format-standard","has-post-thumbnail","hentry","category-cultura-e-deportes"],"_links":{"self":[{"href":"https:\/\/concellodezas.gal\/en\/wp-json\/wp\/v2\/posts\/19845","targetHints":{"allow":["GET"]}}],"collection":[{"href":"https:\/\/concellodezas.gal\/en\/wp-json\/wp\/v2\/posts"}],"about":[{"href":"https:\/\/concellodezas.gal\/en\/wp-json\/wp\/v2\/types\/post"}],"author":[{"embeddable":true,"href":"https:\/\/concellodezas.gal\/en\/wp-json\/wp\/v2\/users\/5"}],"replies":[{"embeddable":true,"href":"https:\/\/concellodezas.gal\/en\/wp-json\/wp\/v2\/comments?post=19845"}],"version-history":[{"count":2,"href":"https:\/\/concellodezas.gal\/en\/wp-json\/wp\/v2\/posts\/19845\/revisions"}],"predecessor-version":[{"id":30611,"href":"https:\/\/concellodezas.gal\/en\/wp-json\/wp\/v2\/posts\/19845\/revisions\/30611"}],"wp:featuredmedia":[{"embeddable":true,"href":"https:\/\/concellodezas.gal\/en\/wp-json\/wp\/v2\/media\/19846"}],"wp:attachment":[{"href":"https:\/\/concellodezas.gal\/en\/wp-json\/wp\/v2\/media?parent=19845"}],"wp:term":[{"taxonomy":"category","embeddable":true,"href":"https:\/\/concellodezas.gal\/en\/wp-json\/wp\/v2\/categories?post=19845"},{"taxonomy":"post_tag","embeddable":true,"href":"https:\/\/concellodezas.gal\/en\/wp-json\/wp\/v2\/tags?post=19845"}],"curies":[{"name":"wp","href":"https:\/\/api.w.org\/{rel}","templated":true}]}}