{"id":19831,"date":"2025-05-05T23:23:51","date_gmt":"2025-05-05T21:23:51","guid":{"rendered":"https:\/\/concellodezas.org\/?p=19831"},"modified":"2025-12-22T16:47:13","modified_gmt":"2025-12-22T15:47:13","slug":"o-8-de-xuno-celebramos-a-xvii-concentracion-de-motos-antigas","status":"publish","type":"post","link":"https:\/\/concellodezas.gal\/en\/o-8-de-xuno-celebramos-a-xvii-concentracion-de-motos-antigas\/","title":{"rendered":"O 8 de xu\u00f1o celebramos a XVII Concentraci\u00f3n de Motos Antigas"},"content":{"rendered":"<p>O Centro Sociocultural de Zas ser\u00e1 o punto de sa\u00edda e de chegada da <b>XVII Concentraci\u00f3n de Motos Antigas<\/b>; un encontro que organiza o Concello de Zas en colaboraci\u00f3n con Motos Josi.<\/p>\n<p>\u201cPara n\u00f3s \u00e9 un pracer que no noso municipio se realicen este tipo de eventos e dos que quedan poucos, xa que en toda a Costa da Morte s\u00f3 se celebran d\u00faas concentraci\u00f3ns de motos antigas; a de Zas e a de Carballo\u201d, sinalou o Alcalde, Manuel Mu\u00ed\u00f1o, durante a presentaci\u00f3n do cartel. Estivo acompa\u00f1ado de C\u00e9sar V\u00e1zquez, de Lamas, que \u00e9 outra das persoas que est\u00e1 detr\u00e1s da organizaci\u00f3n deste encontro. <span class=\"Apple-converted-space\">\u00a0<\/span><\/p>\n<p>Unha das novidades desta edici\u00f3n \u00e9 a data, xa que se celebra o vindeiro 8 de xu\u00f1o; uns d\u00edas antes do habitual para non coincidir con outros eventos da zona.<span class=\"Apple-converted-space\">\u00a0<\/span><\/p>\n<p>No encontro poden participar todas aquelas persoas cunha moto de m\u00e1is de 35 anos. Coma sempre realizarase un percorrido por alg\u00fans dos puntos m\u00e1is emblem\u00e1ticos da Costa da Morte: cabo Vil\u00e1n, Cereixo e praia do Lago, entre outros. O prezo \u00e9 de 15\u20ac para aquelas persoas que queiran participar na ruta e nos que se incl\u00faen uns pinchos e de 35\u20ac para aquelas que adem\u00e1is dexesen participan nun xantar de confraternidade que ter\u00e1 lugar no restaurante T\u00edvoli de Zas.<span class=\"Apple-converted-space\">\u00a0<\/span><\/p>\n<p><b>Inscrici\u00f3ns<\/b><\/p>\n<p>Para participar \u00e9 necesario anotarse antes do 4 de xu\u00f1o no n\u00famero de tel\u00e9fono 698 178 654.<\/p>\n","protected":false},"excerpt":{"rendered":"<p>O Centro Sociocultural de Zas ser\u00e1 o punto de sa\u00edda e de chegada da XVII Concentraci\u00f3n de Motos Antigas; un encontro que organiza o Concello de Zas en colaboraci\u00f3n con Motos Josi. \u201cPara n\u00f3s \u00e9 un pracer que no noso municipio se realicen este tipo de eventos e dos que quedan poucos, xa que en [&hellip;]<\/p>\n","protected":false},"author":5,"featured_media":19832,"comment_status":"open","ping_status":"closed","sticky":false,"template":"","format":"standard","meta":{"slim_seo":{"title":"O 8 de xu\u00f1o celebramos a XVII Concentraci\u00f3n de Motos Antigas - Concello de Zas","description":"O Centro Sociocultural de Zas ser\u00e1 o punto de sa\u00edda e de chegada da XVII Concentraci\u00f3n de Motos Antigas ; un encontro que organiza o Concello de Zas en colabora"},"footnotes":""},"categories":[415],"tags":[],"class_list":["post-19831","post","type-post","status-publish","format-standard","has-post-thumbnail","hentry","category-turismo"],"_links":{"self":[{"href":"https:\/\/concellodezas.gal\/en\/wp-json\/wp\/v2\/posts\/19831","targetHints":{"allow":["GET"]}}],"collection":[{"href":"https:\/\/concellodezas.gal\/en\/wp-json\/wp\/v2\/posts"}],"about":[{"href":"https:\/\/concellodezas.gal\/en\/wp-json\/wp\/v2\/types\/post"}],"author":[{"embeddable":true,"href":"https:\/\/concellodezas.gal\/en\/wp-json\/wp\/v2\/users\/5"}],"replies":[{"embeddable":true,"href":"https:\/\/concellodezas.gal\/en\/wp-json\/wp\/v2\/comments?post=19831"}],"version-history":[{"count":1,"href":"https:\/\/concellodezas.gal\/en\/wp-json\/wp\/v2\/posts\/19831\/revisions"}],"predecessor-version":[{"id":29010,"href":"https:\/\/concellodezas.gal\/en\/wp-json\/wp\/v2\/posts\/19831\/revisions\/29010"}],"wp:featuredmedia":[{"embeddable":true,"href":"https:\/\/concellodezas.gal\/en\/wp-json\/wp\/v2\/media\/19832"}],"wp:attachment":[{"href":"https:\/\/concellodezas.gal\/en\/wp-json\/wp\/v2\/media?parent=19831"}],"wp:term":[{"taxonomy":"category","embeddable":true,"href":"https:\/\/concellodezas.gal\/en\/wp-json\/wp\/v2\/categories?post=19831"},{"taxonomy":"post_tag","embeddable":true,"href":"https:\/\/concellodezas.gal\/en\/wp-json\/wp\/v2\/tags?post=19831"}],"curies":[{"name":"wp","href":"https:\/\/api.w.org\/{rel}","templated":true}]}}