{"id":19818,"date":"2025-05-03T00:16:06","date_gmt":"2025-05-02T22:16:06","guid":{"rendered":"https:\/\/concellodezas.org\/?p=19818"},"modified":"2025-12-22T16:47:13","modified_gmt":"2025-12-22T15:47:13","slug":"as-ruas-principais-de-baio-e-zas-enchense-de-flores-e-de-poemas-de-enrique-labarta-pose","status":"publish","type":"post","link":"https:\/\/concellodezas.gal\/en\/as-ruas-principais-de-baio-e-zas-enchense-de-flores-e-de-poemas-de-enrique-labarta-pose\/","title":{"rendered":"As r\u00faas principais de Baio e Zas enchense de flores e de poemas de Enrique Labarta Pose"},"content":{"rendered":"\n<p>Ao longo do d\u00eda de hoxe quedar\u00e1n instaladas nas principais r\u00faas de Baio e de Zas un total de <b>18 xardineiras cheas de flores e de poemas de Enrique Labarta Pose<\/b>.<\/p>\n\n\n\n<p>O vindeiro 13 de maio c\u00famprense 100 anos do falecemento de Labarta e esta \u00e9 unha das actividades organizadas polo Concello de Zas co fin de po\u00f1er en valor e de dar a co\u00f1er a vida e obra dun dos nosos veci\u00f1os m\u00e1is ilustres.<\/p>\n\n\n\n<p>Esta iniciativa nace co obxectivo de achegar a obra de Labarta Pose dun xeito fermoso e orixinal a todo aquel que visite vilas de Baio e Zas e nas xardineiras poderanse ler alg\u00fans dos seus poemas na defensa da lingua, das mulleres, dos animais e das nosas tradici\u00f3ns. Ao mesmo tempo esta \u00e9 unha iniciativa m\u00e1is na campa\u00f1a que dende hai varios anos leva desenvolvendo o Concello de Zas, xunto con todo o tecido asociativo, para que a RAG lle adique o vindeiro ano a Labarta Pose o D\u00eda das Letras Galegas.<\/p>\n\n\n\n<p>Ademais, tal e como sinala o Alcalde, Manuel Mu\u00ed\u00f1o, \u201cesta actuaci\u00f3n dar\u00e1lle un novo aspecto as nosas vilas creando espazos m\u00e1is agradables e vistosos\u201d. As xardineiras estar\u00e1n instaladas durante todo este ano.<\/p>\n\n\n\n<figure class=\"wp-block-image\"><img fetchpriority=\"high\" decoding=\"async\" width=\"1001\" height=\"1024\" src=\"https:\/\/concellodezas.gal\/wp-content\/uploads\/2025\/05\/xardineiras-labarta-pose-baio-1001x1024.jpeg\" alt=\"\" class=\"wp-image-19821\" srcset=\"https:\/\/concellodezas.gal\/wp-content\/uploads\/2025\/05\/xardineiras-labarta-pose-baio-1001x1024.jpeg 1001w, https:\/\/concellodezas.gal\/wp-content\/uploads\/2025\/05\/xardineiras-labarta-pose-baio-293x300.jpeg 293w, https:\/\/concellodezas.gal\/wp-content\/uploads\/2025\/05\/xardineiras-labarta-pose-baio-768x786.jpeg 768w, https:\/\/concellodezas.gal\/wp-content\/uploads\/2025\/05\/xardineiras-labarta-pose-baio-1501x1536.jpeg 1501w, https:\/\/concellodezas.gal\/wp-content\/uploads\/2025\/05\/xardineiras-labarta-pose-baio-1080x1105.jpeg 1080w, https:\/\/concellodezas.gal\/wp-content\/uploads\/2025\/05\/xardineiras-labarta-pose-baio-1280x1309.jpeg 1280w, https:\/\/concellodezas.gal\/wp-content\/uploads\/2025\/05\/xardineiras-labarta-pose-baio-980x1003.jpeg 980w, https:\/\/concellodezas.gal\/wp-content\/uploads\/2025\/05\/xardineiras-labarta-pose-baio-480x491.jpeg 480w, https:\/\/concellodezas.gal\/wp-content\/uploads\/2025\/05\/xardineiras-labarta-pose-baio.jpeg 1564w\" sizes=\"(max-width: 1001px) 100vw, 1001px\" \/><\/figure>\n\n\n\n<p><\/p>\n","protected":false},"excerpt":{"rendered":"<p>Ao longo do d\u00eda de hoxe quedar\u00e1n instaladas nas principais r\u00faas de Baio e de Zas un total de 18 xardineiras cheas de flores e de poemas de Enrique Labarta Pose. O vindeiro 13 de maio c\u00famprense 100 anos do falecemento de Labarta e esta \u00e9 unha das actividades organizadas polo Concello de Zas co [&hellip;]<\/p>\n","protected":false},"author":5,"featured_media":19819,"comment_status":"open","ping_status":"closed","sticky":false,"template":"","format":"standard","meta":{"slim_seo":{"title":"As r\u00faas principais de Baio e Zas enchense de flores e de poemas de Enrique Labarta Pose - Concello de Zas","description":"Ao longo do d\u00eda de hoxe quedar\u00e1n instaladas nas principais r\u00faas de Baio e de Zas un total de 18 xardineiras cheas de flores e de poemas de Enrique Labarta Pose"},"footnotes":""},"categories":[413],"tags":[375,452],"class_list":["post-19818","post","type-post","status-publish","format-standard","has-post-thumbnail","hentry","category-cultura-e-deportes","tag-baio","tag-enrique-labarta-pose"],"_links":{"self":[{"href":"https:\/\/concellodezas.gal\/en\/wp-json\/wp\/v2\/posts\/19818","targetHints":{"allow":["GET"]}}],"collection":[{"href":"https:\/\/concellodezas.gal\/en\/wp-json\/wp\/v2\/posts"}],"about":[{"href":"https:\/\/concellodezas.gal\/en\/wp-json\/wp\/v2\/types\/post"}],"author":[{"embeddable":true,"href":"https:\/\/concellodezas.gal\/en\/wp-json\/wp\/v2\/users\/5"}],"replies":[{"embeddable":true,"href":"https:\/\/concellodezas.gal\/en\/wp-json\/wp\/v2\/comments?post=19818"}],"version-history":[{"count":1,"href":"https:\/\/concellodezas.gal\/en\/wp-json\/wp\/v2\/posts\/19818\/revisions"}],"predecessor-version":[{"id":29011,"href":"https:\/\/concellodezas.gal\/en\/wp-json\/wp\/v2\/posts\/19818\/revisions\/29011"}],"wp:featuredmedia":[{"embeddable":true,"href":"https:\/\/concellodezas.gal\/en\/wp-json\/wp\/v2\/media\/19819"}],"wp:attachment":[{"href":"https:\/\/concellodezas.gal\/en\/wp-json\/wp\/v2\/media?parent=19818"}],"wp:term":[{"taxonomy":"category","embeddable":true,"href":"https:\/\/concellodezas.gal\/en\/wp-json\/wp\/v2\/categories?post=19818"},{"taxonomy":"post_tag","embeddable":true,"href":"https:\/\/concellodezas.gal\/en\/wp-json\/wp\/v2\/tags?post=19818"}],"curies":[{"name":"wp","href":"https:\/\/api.w.org\/{rel}","templated":true}]}}