{"id":19789,"date":"2025-04-27T08:23:14","date_gmt":"2025-04-27T06:23:14","guid":{"rendered":"https:\/\/concellodezas.org\/?p=19789"},"modified":"2025-12-22T16:47:13","modified_gmt":"2025-12-22T15:47:13","slug":"o-centro-de-saude-de-baio-pasara-a-chamarse-doutor-manuel-perez-marono-por-acordo-unanime-dos-tres-grupos-da-corporacion","status":"publish","type":"post","link":"https:\/\/concellodezas.gal\/en\/o-centro-de-saude-de-baio-pasara-a-chamarse-doutor-manuel-perez-marono-por-acordo-unanime-dos-tres-grupos-da-corporacion\/","title":{"rendered":"O Centro de Sa\u00fade de Baio pasar\u00e1 a chamarse Doutor Manuel P\u00e9rez Maro\u00f1o por acordo un\u00e1nime dos tres grupos da Corporaci\u00f3n"},"content":{"rendered":"<p>O vindeiro 1 de maio, \u00e1s 18:00 horas, ter\u00e1 lugar o acto, organizado polo Concello de Zas, no que se dar\u00e1 nome ao Centro de Sa\u00fade de Baio que a partir dese momento levar\u00e1 o nome de <b>\u201cCentro de Sa\u00fade Doutor Manuel P\u00e9rez Maro\u00f1o\u201d<\/b>.<\/p>\n<p>As\u00ed o acordaron por unanimidade os tres grupos con representaci\u00f3n no Concello, BNG, PP e PSOE, durante o Pleno Ordinario celebrado o pasado 28 de marzo para que o Centro de Sa\u00fade de Baio leve o nome de Doutor Manuel P\u00e9rez Maro\u00f1o \u201cpor ser un exemplo de humanidade, compromiso e entrega a s\u00faa profesi\u00f3n m\u00e1is al\u00f3 da s\u00faa obriga profesional\u201d.<\/p>\n<p>Durante o acto, que est\u00e1 aberto a toda a veci\u00f1anza, intervir\u00e1n o alcalde de Zas, Manuel Mu\u00ed\u00f1o; Braulio P\u00e9rez Astray, fillo do doutor adem\u00e1is de m\u00e9dicos da zona e catedr\u00e1ticos da sa\u00fade vinculados ao doutor P\u00e9rez Maro\u00f1o. Entre eles est\u00e1n Juan J. Gestal Otero, catedr\u00e1tico da USC; Luciano Vid\u00e1n, Presidente do Colexio Oficial de M\u00e9dicos da Provincia da Coru\u00f1a; Manuel Barral, m\u00e9dico de familia que exerceu durante moitos anos en Cabana de Berganti\u00f1os; Santiago L\u00f3pez Blanco, mestre no Colexio Labarta Pose a mediados dos anos setenta; e Alfonso Villar L\u00f3pez, presidente da Asociaci\u00f3n de Veci\u00f1os Tabeir\u00f3n na \u00e9poca da apertura do Centro de Sa\u00fade bai\u00e9s.<\/p>\n<p>O remate do acto ter\u00e1 lugar o descubrimento da placa co nome do centro.<\/p>\n","protected":false},"excerpt":{"rendered":"<p>O vindeiro 1 de maio, \u00e1s 18:00 horas, ter\u00e1 lugar o acto, organizado polo Concello de Zas, no que se dar\u00e1 nome ao Centro de Sa\u00fade de Baio que a partir dese momento levar\u00e1 o nome de \u201cCentro de Sa\u00fade Doutor Manuel P\u00e9rez Maro\u00f1o\u201d. As\u00ed o acordaron por unanimidade os tres grupos con representaci\u00f3n no [&hellip;]<\/p>\n","protected":false},"author":5,"featured_media":19790,"comment_status":"open","ping_status":"closed","sticky":false,"template":"","format":"standard","meta":{"slim_seo":{"title":"O Centro de Sa\u00fade de Baio pasar\u00e1 a chamarse Doutor Manuel P\u00e9rez Maro\u00f1o por acordo un\u00e1nime dos tres grupos da Corporaci\u00f3n - Concello de Zas","description":"O vindeiro 1 de maio, \u00e1s 18:00 horas, ter\u00e1 lugar o acto, organizado polo Concello de Zas, no que se dar\u00e1 nome ao Centro de Sa\u00fade de Baio que a partir dese momen"},"footnotes":""},"categories":[415],"tags":[],"class_list":["post-19789","post","type-post","status-publish","format-standard","has-post-thumbnail","hentry","category-turismo"],"_links":{"self":[{"href":"https:\/\/concellodezas.gal\/en\/wp-json\/wp\/v2\/posts\/19789","targetHints":{"allow":["GET"]}}],"collection":[{"href":"https:\/\/concellodezas.gal\/en\/wp-json\/wp\/v2\/posts"}],"about":[{"href":"https:\/\/concellodezas.gal\/en\/wp-json\/wp\/v2\/types\/post"}],"author":[{"embeddable":true,"href":"https:\/\/concellodezas.gal\/en\/wp-json\/wp\/v2\/users\/5"}],"replies":[{"embeddable":true,"href":"https:\/\/concellodezas.gal\/en\/wp-json\/wp\/v2\/comments?post=19789"}],"version-history":[{"count":1,"href":"https:\/\/concellodezas.gal\/en\/wp-json\/wp\/v2\/posts\/19789\/revisions"}],"predecessor-version":[{"id":29014,"href":"https:\/\/concellodezas.gal\/en\/wp-json\/wp\/v2\/posts\/19789\/revisions\/29014"}],"wp:featuredmedia":[{"embeddable":true,"href":"https:\/\/concellodezas.gal\/en\/wp-json\/wp\/v2\/media\/19790"}],"wp:attachment":[{"href":"https:\/\/concellodezas.gal\/en\/wp-json\/wp\/v2\/media?parent=19789"}],"wp:term":[{"taxonomy":"category","embeddable":true,"href":"https:\/\/concellodezas.gal\/en\/wp-json\/wp\/v2\/categories?post=19789"},{"taxonomy":"post_tag","embeddable":true,"href":"https:\/\/concellodezas.gal\/en\/wp-json\/wp\/v2\/tags?post=19789"}],"curies":[{"name":"wp","href":"https:\/\/api.w.org\/{rel}","templated":true}]}}