{"id":19773,"date":"2025-04-24T20:48:04","date_gmt":"2025-04-24T18:48:04","guid":{"rendered":"https:\/\/concellodezas.org\/?p=19773"},"modified":"2025-12-22T16:47:13","modified_gmt":"2025-12-22T15:47:13","slug":"este-sabado-comeza-a-viii-mostra-de-teatro-afeccionado-labarta-pose-coa-representacion-de-perdon-que-che-chapuse-unha-comedia-que-nos-trae-quenchedera-teatro","status":"publish","type":"post","link":"https:\/\/concellodezas.gal\/en\/este-sabado-comeza-a-viii-mostra-de-teatro-afeccionado-labarta-pose-coa-representacion-de-perdon-que-che-chapuse-unha-comedia-que-nos-trae-quenchedera-teatro\/","title":{"rendered":"Este s\u00e1bado comeza a VIII Mostra de Teatro Afeccionado Labarta Pose coa representaci\u00f3n de \u201cPerd\u00f3n que che chapuse\u201d, unha comedia que nos trae Quenchedera Teatro"},"content":{"rendered":"<p>Este s\u00e1bado, d\u00eda 26, arranca a <b>VIII Mostra de Teatro Afeccionado Labarta Pose,<\/b> organizada polo Concello de Zas coa colaboraci\u00f3n da Deputaci\u00f3n da Coru\u00f1a e do grupo de teatro Badius.<\/p>\n<p>\u201cQuenchedera Teatro\u201d, formado por un grupo de amigas de Muros, ser\u00e1 a primeira compa\u00f1\u00eda que se suba ao escenario. Traerannos a s\u00faa obra \u201cPerd\u00f3n que che chapuse\u201d; unha comedia de 45 minutos de duraci\u00f3n dirixida a maiores de 13 anos. A funci\u00f3n comeza \u00e1s 21:00 horas e ser\u00e1 no Auditorio de Zas.<\/p>\n<p>\u201cEste ano batemos marca de solicitudes, con 33 obras de teatro de toda a comunidade. Este \u00e9 un dato que se traduce en que o teatro afeccionado segue moi vivo e que esta Mostra de Teatro xa est\u00e1 consolidada como un referente cultural\u201d, destaca o Alcalde de Zas, Manuel Mu\u00ed\u00f1o, que esta ma\u00f1\u00e1 presentou o cartel da VIII Mostra de Teatro Afeccionado Labarta Pose.<span class=\"Apple-converted-space\">\u00a0<\/span><\/p>\n<p>As representaci\u00f3ns continuar\u00e1n durante o mes de maio, sempre as nove da noite, e repartiranse entre o Auditorio de Zas e o Auditorio de Baio. Estas son as dem\u00e1is obras finalistas:<\/p>\n<ul>\n<li>3 de maio: \u201cCami\u00f1os e carreiros\u201d, de Andarav\u00eda Teatro (Vedra). Unha comedia para todos os p\u00fablicos. As 21:00 horas no Auditorio de Zas.<\/li>\n<li>10 de maio:<span class=\"Apple-converted-space\">\u00a0 <\/span>\u201cSegredos de familia e licor caf\u00e9\u201d de Martabelas Teatro (Teo). Comedia para todos os p\u00fablicos que ser\u00e1 \u00e1s 21:00 horas no Auditorio de Baio.<\/li>\n<li>17 de maio: \u201cPan con chocolate\u201d, do Colectivo Cultural Olloamao (Barreiros). Unha comedia para todos os p\u00fablicos que se representar\u00e1 a partir das 21:00 horas no Auditorio de Zas.<\/li>\n<li>24 de maio: \u201cHero\u00ednas coti\u00e1s\u201d, de Mui\u00f1eiras do Vento (Ferrol). Un drama para todos os p\u00fablicos. 21:00 horas no Auditorio de Baio.<\/li>\n<\/ul>\n<p>&nbsp;<\/p>\n<p><img fetchpriority=\"high\" decoding=\"async\" class=\"wp-image-19781 alignleft\" src=\"https:\/\/concellodezas.gal\/wp-content\/uploads\/2025\/04\/Zas_VIIIMostra-Teatro-Afeccionado-Labarta-Pose-2025-819x1024.jpeg\" alt=\"\" width=\"500\" height=\"624\" srcset=\"https:\/\/concellodezas.gal\/wp-content\/uploads\/2025\/04\/Zas_VIIIMostra-Teatro-Afeccionado-Labarta-Pose-2025-819x1024.jpeg 819w, https:\/\/concellodezas.gal\/wp-content\/uploads\/2025\/04\/Zas_VIIIMostra-Teatro-Afeccionado-Labarta-Pose-2025-240x300.jpeg 240w, https:\/\/concellodezas.gal\/wp-content\/uploads\/2025\/04\/Zas_VIIIMostra-Teatro-Afeccionado-Labarta-Pose-2025-768x960.jpeg 768w, https:\/\/concellodezas.gal\/wp-content\/uploads\/2025\/04\/Zas_VIIIMostra-Teatro-Afeccionado-Labarta-Pose-2025-980x1225.jpeg 980w, https:\/\/concellodezas.gal\/wp-content\/uploads\/2025\/04\/Zas_VIIIMostra-Teatro-Afeccionado-Labarta-Pose-2025-480x600.jpeg 480w, https:\/\/concellodezas.gal\/wp-content\/uploads\/2025\/04\/Zas_VIIIMostra-Teatro-Afeccionado-Labarta-Pose-2025.jpeg 1080w\" sizes=\"(max-width: 500px) 100vw, 500px\" \/><\/p>\n<p><b>Entrega de premios<\/b><\/p>\n<p>Unha vez representadas todas obras teremos que agardar ata o 31 de maio para co\u00f1ecer o reparto de premios, que este ano ascende a un total de 4.400 euros, nun acto que ter\u00e1 lugar a partir das 18:00 horas no Auditorio de Baio e no que tam\u00e9n actuar\u00e1n os membros da Escola Municipal de Teatro do Concello de Zas.<\/p>\n<p>Unha das principais novidades desta edici\u00f3n, en canto aos premios se refire, \u00e9 a creaci\u00f3n do premio especial \u201cCentenario Labarta Pose\u201d dotado con 500\u20ac que se lle outorgar\u00e1 \u00e1 mellor comedia en homenaxe a Labarta e tendo en conta que na s\u00faa obra est\u00e1 moi presente a comedia.<\/p>\n<p>Esta \u00e9 a distribuci\u00f3n dos premios:<\/p>\n<ul>\n<li>Premio \u00e1 mellor obra elixida polo xurado: 900\u20ac, trofeo e diploma acreditativo<\/li>\n<li>Premio \u00e1 segunda mellor obra elixida polo xurado: 700\u20ac, trofeo e diploma acreditativo<\/li>\n<\/ul>\n<p>\u2022 Premio \u00e1 terceira mellor obra elixida polo xurado: 700\u20ac, trofeo e diploma acreditativo<\/p>\n<p>\u2022 Premio \u00e1 cuarta mellor obra elixida polo xurado: 700\u20ac, trofeo e diploma acreditativo<\/p>\n<p>\u2022 Premio \u00e1 quinta mellor obra elixida polo xurado: 700\u20ac, trofeo e diploma acreditativo<\/p>\n<ul>\n<li>Premio \u00e1 mellor obra elixida polo p\u00fablico: 200\u20ac, trofeo e diploma acreditativo<\/li>\n<li>PREMIO ESPECIAL CENTENARIO LABARTA POSE: 500\u20ac, trofeo e diploma acreditativo<\/li>\n<\/ul>\n<p>O mellor actor e a mellor actriz desta oitava edici\u00f3n da mostra tam\u00e9n recibir\u00e1n cadanseu trofeo e diploma acreditativo.<\/p>\n","protected":false},"excerpt":{"rendered":"<p>Este s\u00e1bado, d\u00eda 26, arranca a VIII Mostra de Teatro Afeccionado Labarta Pose, organizada polo Concello de Zas coa colaboraci\u00f3n da Deputaci\u00f3n da Coru\u00f1a e do grupo de teatro Badius. \u201cQuenchedera Teatro\u201d, formado por un grupo de amigas de Muros, ser\u00e1 a primeira compa\u00f1\u00eda que se suba ao escenario. Traerannos a s\u00faa obra \u201cPerd\u00f3n que [&hellip;]<\/p>\n","protected":false},"author":5,"featured_media":19774,"comment_status":"open","ping_status":"closed","sticky":false,"template":"","format":"standard","meta":{"slim_seo":{"title":"Este s\u00e1bado comeza a VIII Mostra de Teatro Afeccionado Labarta Pose coa representaci\u00f3n de \u201cPerd\u00f3n que che chapuse\u201d, unha comedia que nos trae Quenchedera Teatro - Concello de Zas","description":"Este s\u00e1bado, d\u00eda 26, arranca a VIII Mostra de Teatro Afeccionado Labarta Pose, organizada polo Concello de Zas coa colaboraci\u00f3n da Deputaci\u00f3n da Coru\u00f1a e do gru"},"footnotes":""},"categories":[413],"tags":[],"class_list":["post-19773","post","type-post","status-publish","format-standard","has-post-thumbnail","hentry","category-cultura-e-deportes"],"_links":{"self":[{"href":"https:\/\/concellodezas.gal\/en\/wp-json\/wp\/v2\/posts\/19773","targetHints":{"allow":["GET"]}}],"collection":[{"href":"https:\/\/concellodezas.gal\/en\/wp-json\/wp\/v2\/posts"}],"about":[{"href":"https:\/\/concellodezas.gal\/en\/wp-json\/wp\/v2\/types\/post"}],"author":[{"embeddable":true,"href":"https:\/\/concellodezas.gal\/en\/wp-json\/wp\/v2\/users\/5"}],"replies":[{"embeddable":true,"href":"https:\/\/concellodezas.gal\/en\/wp-json\/wp\/v2\/comments?post=19773"}],"version-history":[{"count":1,"href":"https:\/\/concellodezas.gal\/en\/wp-json\/wp\/v2\/posts\/19773\/revisions"}],"predecessor-version":[{"id":29016,"href":"https:\/\/concellodezas.gal\/en\/wp-json\/wp\/v2\/posts\/19773\/revisions\/29016"}],"wp:featuredmedia":[{"embeddable":true,"href":"https:\/\/concellodezas.gal\/en\/wp-json\/wp\/v2\/media\/19774"}],"wp:attachment":[{"href":"https:\/\/concellodezas.gal\/en\/wp-json\/wp\/v2\/media?parent=19773"}],"wp:term":[{"taxonomy":"category","embeddable":true,"href":"https:\/\/concellodezas.gal\/en\/wp-json\/wp\/v2\/categories?post=19773"},{"taxonomy":"post_tag","embeddable":true,"href":"https:\/\/concellodezas.gal\/en\/wp-json\/wp\/v2\/tags?post=19773"}],"curies":[{"name":"wp","href":"https:\/\/api.w.org\/{rel}","templated":true}]}}