{"id":19765,"date":"2025-04-23T23:55:33","date_gmt":"2025-04-23T21:55:33","guid":{"rendered":"https:\/\/concellodezas.org\/?p=19765"},"modified":"2025-12-22T16:47:13","modified_gmt":"2025-12-22T15:47:13","slug":"mais-de-200-nenos-e-nenas-coneceron-e-debuxaron-a-enrique-labarta-pose-no-dia-do-libro","status":"publish","type":"post","link":"https:\/\/concellodezas.gal\/en\/mais-de-200-nenos-e-nenas-coneceron-e-debuxaron-a-enrique-labarta-pose-no-dia-do-libro\/","title":{"rendered":"M\u00e1is de 200 nenos e nenas co\u00f1eceron e debuxaron a Enrique Labarta Pose no D\u00eda do Libro"},"content":{"rendered":"\n<p>M\u00e1is de 200 nenos e nenas de Educaci\u00f3n Infantil e Primaria do CPI de Zas e do CEIP Labarta Pose participaron esta ma\u00f1\u00e1 no contacontos \u201cO Poeta da Terra\u201d, de Polo Correo<br>do Vento.<\/p>\n\n\n\n<p>Esta foi unha actividade organizada polo Concello de Zas con motivo do <strong>D\u00eda Internacional do Libro<\/strong>, que se conmemora cada 23 de abril, e que se engloba dentro da <a href=\"https:\/\/concellodezas.gal\/o-concello-de-zas-conmemora-o-centenario-da-morte-de-enrique-labarta-pose-cunha-programacion-especial-para-reivindicar-a-sua-figura\/\">programaci\u00f3n especial dos 100 anos do pasamento de Enrique Labarta Pose<\/a>.<\/p>\n\n\n\n<p>O contacontos \u201cO Poeta da Terra\u201d representouse no CPI de Zas e no CEIP Labarta Pose. O espect\u00e1culo dividiuse en d\u00faas partes. Na primeira, os membros de Polo Correo do Vento<br>encarg\u00e1ronse de contarlle \u00e1 rapazada aqueles aspectos m\u00e1is impotantes da vida e obra de Labarta ao mesmo tempo que realizaban unha caricatura do noso polifac\u00e9tico veci\u00f1o. E na segunda parte, o alumnado fixo o seu propio debuxo de Labarta guiados polo debuxante.<\/p>\n\n\n\n<figure class=\"wp-block-image aligncenter\"><img fetchpriority=\"high\" decoding=\"async\" width=\"1024\" height=\"768\" src=\"https:\/\/concellodezas.gal\/wp-content\/uploads\/2025\/04\/dia-do-libro-zas-3-1024x768.jpg\" alt=\"\" class=\"wp-image-19768\" srcset=\"https:\/\/concellodezas.gal\/wp-content\/uploads\/2025\/04\/dia-do-libro-zas-3-1024x768.jpg 1024w, https:\/\/concellodezas.gal\/wp-content\/uploads\/2025\/04\/dia-do-libro-zas-3-300x225.jpg 300w, https:\/\/concellodezas.gal\/wp-content\/uploads\/2025\/04\/dia-do-libro-zas-3-768x576.jpg 768w, https:\/\/concellodezas.gal\/wp-content\/uploads\/2025\/04\/dia-do-libro-zas-3-1536x1152.jpg 1536w, https:\/\/concellodezas.gal\/wp-content\/uploads\/2025\/04\/dia-do-libro-zas-3-2048x1536.jpg 2048w, https:\/\/concellodezas.gal\/wp-content\/uploads\/2025\/04\/dia-do-libro-zas-3-510x382.jpg 510w, https:\/\/concellodezas.gal\/wp-content\/uploads\/2025\/04\/dia-do-libro-zas-3-1080x810.jpg 1080w, https:\/\/concellodezas.gal\/wp-content\/uploads\/2025\/04\/dia-do-libro-zas-3-1280x960.jpg 1280w, https:\/\/concellodezas.gal\/wp-content\/uploads\/2025\/04\/dia-do-libro-zas-3-980x735.jpg 980w, https:\/\/concellodezas.gal\/wp-content\/uploads\/2025\/04\/dia-do-libro-zas-3-480x360.jpg 480w\" sizes=\"(max-width: 1024px) 100vw, 1024px\" \/><\/figure>\n\n\n\n<p>O Alcalde de Zas, Manuel Mu\u00ed\u00f1o; e a Concelleira de Educaci\u00f3n, Pilar Garc\u00eda; tam\u00e9n quixeron achegarse ata os centros de ensino para presentarlles este espect\u00e1culo e convidalos a<br>mergullarse no mundo da lectura.<\/p>\n\n\n\n<p>Este contacontos naceu ao mesmo tempo que o<a href=\"https:\/\/concellodezas.gal\/o-concello-de-zas-presenta-o-poeta-da-terra-o-primeiro-libro-infantil-adicado-a-enrique-labarta-pose\/\"> primeiro libro infantil adicado a Labarta e que tam\u00e9n leva por t\u00edtulo \u201cO Poeta da Terra\u201d<\/a>. O Concello de Zas, xunto con Lela Edici\u00f3ns, publicou este libro en outubro do ano pasado e xa se repartiron m\u00e1is de 500 exemplares entre o alumnado do Concello de Zas e nos centros de ensino e bibliotecas municipais de toda a Costa da Morte.<\/p>\n\n\n\n<p>Esta \u00e9 unha nova acci\u00f3n do Goberno Municipal para dar a co\u00f1ecer e po\u00f1er en valor a figura de Enrique Labarta Pose e conseguir que se lle adique o seu propio D\u00eda das Letras Galegas.<\/p>\n\n\n\n<figure class=\"wp-block-image\"><img decoding=\"async\" width=\"1024\" height=\"768\" src=\"https:\/\/concellodezas.gal\/wp-content\/uploads\/2025\/04\/dia-do-libro-zas2-1024x768.jpg\" alt=\"\" class=\"wp-image-19770\" srcset=\"https:\/\/concellodezas.gal\/wp-content\/uploads\/2025\/04\/dia-do-libro-zas2-1024x768.jpg 1024w, https:\/\/concellodezas.gal\/wp-content\/uploads\/2025\/04\/dia-do-libro-zas2-300x225.jpg 300w, https:\/\/concellodezas.gal\/wp-content\/uploads\/2025\/04\/dia-do-libro-zas2-768x576.jpg 768w, https:\/\/concellodezas.gal\/wp-content\/uploads\/2025\/04\/dia-do-libro-zas2-1536x1152.jpg 1536w, https:\/\/concellodezas.gal\/wp-content\/uploads\/2025\/04\/dia-do-libro-zas2-2048x1536.jpg 2048w, https:\/\/concellodezas.gal\/wp-content\/uploads\/2025\/04\/dia-do-libro-zas2-510x382.jpg 510w, https:\/\/concellodezas.gal\/wp-content\/uploads\/2025\/04\/dia-do-libro-zas2-1080x810.jpg 1080w, https:\/\/concellodezas.gal\/wp-content\/uploads\/2025\/04\/dia-do-libro-zas2-1280x960.jpg 1280w, https:\/\/concellodezas.gal\/wp-content\/uploads\/2025\/04\/dia-do-libro-zas2-980x735.jpg 980w, https:\/\/concellodezas.gal\/wp-content\/uploads\/2025\/04\/dia-do-libro-zas2-480x360.jpg 480w\" sizes=\"(max-width: 1024px) 100vw, 1024px\" \/><\/figure>\n","protected":false},"excerpt":{"rendered":"<p>M\u00e1is de 200 nenos e nenas de Educaci\u00f3n Infantil e Primaria do CPI de Zas e do CEIP Labarta Pose participaron esta ma\u00f1\u00e1 no contacontos \u201cO Poeta da Terra\u201d, de Polo Correodo Vento. Esta foi unha actividade organizada polo Concello de Zas con motivo do D\u00eda Internacional do Libro, que se conmemora cada 23 de [&hellip;]<\/p>\n","protected":false},"author":5,"featured_media":19766,"comment_status":"open","ping_status":"closed","sticky":false,"template":"","format":"standard","meta":{"slim_seo":{"title":"M\u00e1is de 200 nenos e nenas co\u00f1eceron e debuxaron a Enrique Labarta Pose no D\u00eda do Libro - Concello de Zas","description":"M\u00e1is de 200 nenos e nenas de Educaci\u00f3n Infantil e Primaria do CPI de Zas e do CEIP Labarta Pose participaron esta ma\u00f1\u00e1 no contacontos \u201cO Poeta da Terra\u201d, de Pol"},"footnotes":""},"categories":[413],"tags":[],"class_list":["post-19765","post","type-post","status-publish","format-standard","has-post-thumbnail","hentry","category-cultura-e-deportes"],"_links":{"self":[{"href":"https:\/\/concellodezas.gal\/en\/wp-json\/wp\/v2\/posts\/19765","targetHints":{"allow":["GET"]}}],"collection":[{"href":"https:\/\/concellodezas.gal\/en\/wp-json\/wp\/v2\/posts"}],"about":[{"href":"https:\/\/concellodezas.gal\/en\/wp-json\/wp\/v2\/types\/post"}],"author":[{"embeddable":true,"href":"https:\/\/concellodezas.gal\/en\/wp-json\/wp\/v2\/users\/5"}],"replies":[{"embeddable":true,"href":"https:\/\/concellodezas.gal\/en\/wp-json\/wp\/v2\/comments?post=19765"}],"version-history":[{"count":1,"href":"https:\/\/concellodezas.gal\/en\/wp-json\/wp\/v2\/posts\/19765\/revisions"}],"predecessor-version":[{"id":29017,"href":"https:\/\/concellodezas.gal\/en\/wp-json\/wp\/v2\/posts\/19765\/revisions\/29017"}],"wp:featuredmedia":[{"embeddable":true,"href":"https:\/\/concellodezas.gal\/en\/wp-json\/wp\/v2\/media\/19766"}],"wp:attachment":[{"href":"https:\/\/concellodezas.gal\/en\/wp-json\/wp\/v2\/media?parent=19765"}],"wp:term":[{"taxonomy":"category","embeddable":true,"href":"https:\/\/concellodezas.gal\/en\/wp-json\/wp\/v2\/categories?post=19765"},{"taxonomy":"post_tag","embeddable":true,"href":"https:\/\/concellodezas.gal\/en\/wp-json\/wp\/v2\/tags?post=19765"}],"curies":[{"name":"wp","href":"https:\/\/api.w.org\/{rel}","templated":true}]}}