{"id":19729,"date":"2025-04-11T16:07:54","date_gmt":"2025-04-11T14:07:54","guid":{"rendered":"https:\/\/concellodezas.org\/?p=19729"},"modified":"2025-12-22T16:47:13","modified_gmt":"2025-12-22T15:47:13","slug":"unhas-900-persoas-asistiran-a-26a-festa-dos-maiores-que-se-celebra-mana-no-pavillon-municipal-de-zas","status":"publish","type":"post","link":"https:\/\/concellodezas.gal\/en\/unhas-900-persoas-asistiran-a-26a-festa-dos-maiores-que-se-celebra-mana-no-pavillon-municipal-de-zas\/","title":{"rendered":"Unhas 900 persoas asistir\u00e1n a 26\u00aa Festa dos Maiores que se celebra ma\u00f1\u00e1 no pavill\u00f3n municipal de Zas"},"content":{"rendered":"<p>Unhas 900 persoas asistir\u00e1n ma\u00f1\u00e1 \u00e1 <b>26\u00aa Festa dos Maiores<\/b> organizada polo Concello de Zas.<\/p>\n<p>O pavil\u00f3n municipal de Zas ser\u00e1 o punto de encontro desta xuntanza na que participan veci\u00f1os e veci\u00f1as de todo o concello. As portas abriranse a partir das 12:00 horas e todos\/as os\/as convidados\/as deber\u00e1n presentar o seu convite xunto co Documento Nacional de Identidade.<\/p>\n<p>Coma sempre haber\u00e1 un reco\u00f1ecemento para o veci\u00f1o e para a veci\u00f1a de maior idade que acudan \u00e1 26\u00aa Festa dos Maiores e non faltar\u00e1 a m\u00fasica. Disto encargaranse os grupos de baile e m\u00fasica tradicional da Asociaci\u00f3n Cultural Adro e Chur\u00eda de Zas que actuar\u00e1n antes do xantar de confraternidade. A m\u00fasica continuar\u00e1 durante toda a tarde da man do Tr\u00edo Karma.<\/p>\n","protected":false},"excerpt":{"rendered":"<p>Unhas 900 persoas asistir\u00e1n ma\u00f1\u00e1 \u00e1 26\u00aa Festa dos Maiores organizada polo Concello de Zas. O pavil\u00f3n municipal de Zas ser\u00e1 o punto de encontro desta xuntanza na que participan veci\u00f1os e veci\u00f1as de todo o concello. As portas abriranse a partir das 12:00 horas e todos\/as os\/as convidados\/as deber\u00e1n presentar o seu convite xunto [&hellip;]<\/p>\n","protected":false},"author":5,"featured_media":19730,"comment_status":"open","ping_status":"closed","sticky":false,"template":"","format":"standard","meta":{"slim_seo":{"title":"Unhas 900 persoas asistir\u00e1n a 26\u00aa Festa dos Maiores que se celebra ma\u00f1\u00e1 no pavill\u00f3n municipal de Zas - Concello de Zas","description":"Unhas 900 persoas asistir\u00e1n ma\u00f1\u00e1 \u00e1 26\u00aa Festa dos Maiores organizada polo Concello de Zas. O pavil\u00f3n municipal de Zas ser\u00e1 o punto de encontro desta xuntanza na"},"footnotes":""},"categories":[412],"tags":[],"class_list":["post-19729","post","type-post","status-publish","format-standard","has-post-thumbnail","hentry","category-servizos-sociais"],"_links":{"self":[{"href":"https:\/\/concellodezas.gal\/en\/wp-json\/wp\/v2\/posts\/19729","targetHints":{"allow":["GET"]}}],"collection":[{"href":"https:\/\/concellodezas.gal\/en\/wp-json\/wp\/v2\/posts"}],"about":[{"href":"https:\/\/concellodezas.gal\/en\/wp-json\/wp\/v2\/types\/post"}],"author":[{"embeddable":true,"href":"https:\/\/concellodezas.gal\/en\/wp-json\/wp\/v2\/users\/5"}],"replies":[{"embeddable":true,"href":"https:\/\/concellodezas.gal\/en\/wp-json\/wp\/v2\/comments?post=19729"}],"version-history":[{"count":1,"href":"https:\/\/concellodezas.gal\/en\/wp-json\/wp\/v2\/posts\/19729\/revisions"}],"predecessor-version":[{"id":29020,"href":"https:\/\/concellodezas.gal\/en\/wp-json\/wp\/v2\/posts\/19729\/revisions\/29020"}],"wp:featuredmedia":[{"embeddable":true,"href":"https:\/\/concellodezas.gal\/en\/wp-json\/wp\/v2\/media\/19730"}],"wp:attachment":[{"href":"https:\/\/concellodezas.gal\/en\/wp-json\/wp\/v2\/media?parent=19729"}],"wp:term":[{"taxonomy":"category","embeddable":true,"href":"https:\/\/concellodezas.gal\/en\/wp-json\/wp\/v2\/categories?post=19729"},{"taxonomy":"post_tag","embeddable":true,"href":"https:\/\/concellodezas.gal\/en\/wp-json\/wp\/v2\/tags?post=19729"}],"curies":[{"name":"wp","href":"https:\/\/api.w.org\/{rel}","templated":true}]}}