{"id":19718,"date":"2025-04-08T23:26:29","date_gmt":"2025-04-08T21:26:29","guid":{"rendered":"https:\/\/concellodezas.org\/?p=19718"},"modified":"2025-12-22T16:47:13","modified_gmt":"2025-12-22T15:47:13","slug":"o-alcalde-de-zas-recibiu-nas-torres-do-allo-ao-alumnado-de-francia-que-participa-nun-intercambio-co-ies-maximino-romero-e-co-cpi-de-zas","status":"publish","type":"post","link":"https:\/\/concellodezas.gal\/en\/o-alcalde-de-zas-recibiu-nas-torres-do-allo-ao-alumnado-de-francia-que-participa-nun-intercambio-co-ies-maximino-romero-e-co-cpi-de-zas\/","title":{"rendered":"O Alcalde de Zas recibiu nas Torres do Allo ao alumnado de Francia que participa nun intercambio co IES Maximino Romero e co CPI de Zas"},"content":{"rendered":"<p>O Alcalde de Zas, Manuel Mu\u00ed\u00f1o, e a Tenente de Alcalde, Natalia Espasand\u00edn; e a Concelleira de Educaci\u00f3n, Pilar Garcia; recibiron o pasado venres nas <a href=\"https:\/\/www.torresdoallo.gal\/\">Torres do Allo<\/a> ao alumnado procedente do coll\u00e8ge Villebois-Mareuil de Montaigu, de Francia, que participa nun intercambio cos alumnos e alumnas do IES Maximino Romero Lema e do CPI de Zas.<\/p>\n<p>Durante a s\u00faa visita as Torres do Allo, os estudantes puideron co\u00f1ecer o pazo m\u00e1is antigo de Galicia e descubrir unha parte da s\u00faa historia. O Alcalde aproveitou a ocasi\u00f3n para entregarlles un pequeno agasallo institucional a cada un deles xunto co<a href=\"https:\/\/concellodezas.gal\/o-calendario-do-concello-de-zas-para-o-2025-esta-adicado-a-enrique-labarta-pose\/\"> calendario para este 2025 adicado a Enrique Labarta Pose<\/a>.<span class=\"Apple-converted-space\">\u00a0<\/span><\/p>\n<p>Durante a s\u00faa estancia, que foi do 30 de marzo ao 5 de abril, os 25 alumnos e alumnas do colexio franc\u00e9s tiveron a oportunidade de co\u00f1ecer alg\u00fans lugares m\u00e1is emblematicos do noso municipio e da comarca. A finais deste mes devolver\u00e1nlles a vista os alumnos a alumnas do CPI de Zas e do IES Maximino Romero Lema que participan nesta experiencia.<span class=\"Apple-converted-space\">\u00a0<\/span><\/p>\n","protected":false},"excerpt":{"rendered":"<p>O Alcalde de Zas, Manuel Mu\u00ed\u00f1o, e a Tenente de Alcalde, Natalia Espasand\u00edn; e a Concelleira de Educaci\u00f3n, Pilar Garcia; recibiron o pasado venres nas Torres do Allo ao alumnado procedente do coll\u00e8ge Villebois-Mareuil de Montaigu, de Francia, que participa nun intercambio cos alumnos e alumnas do IES Maximino Romero Lema e do CPI de [&hellip;]<\/p>\n","protected":false},"author":5,"featured_media":19719,"comment_status":"open","ping_status":"closed","sticky":false,"template":"","format":"standard","meta":{"slim_seo":{"title":"O Alcalde de Zas recibiu nas Torres do Allo ao alumnado de Francia que participa nun intercambio co IES Maximino Romero e co CPI de Zas - Concello de Zas","description":"O Alcalde de Zas, Manuel Mu\u00ed\u00f1o, e a Tenente de Alcalde, Natalia Espasand\u00edn; e a Concelleira de Educaci\u00f3n, Pilar Garcia; recibiron o pasado venres nas Torres do"},"footnotes":""},"categories":[412],"tags":[],"class_list":["post-19718","post","type-post","status-publish","format-standard","has-post-thumbnail","hentry","category-servizos-sociais"],"_links":{"self":[{"href":"https:\/\/concellodezas.gal\/en\/wp-json\/wp\/v2\/posts\/19718","targetHints":{"allow":["GET"]}}],"collection":[{"href":"https:\/\/concellodezas.gal\/en\/wp-json\/wp\/v2\/posts"}],"about":[{"href":"https:\/\/concellodezas.gal\/en\/wp-json\/wp\/v2\/types\/post"}],"author":[{"embeddable":true,"href":"https:\/\/concellodezas.gal\/en\/wp-json\/wp\/v2\/users\/5"}],"replies":[{"embeddable":true,"href":"https:\/\/concellodezas.gal\/en\/wp-json\/wp\/v2\/comments?post=19718"}],"version-history":[{"count":1,"href":"https:\/\/concellodezas.gal\/en\/wp-json\/wp\/v2\/posts\/19718\/revisions"}],"predecessor-version":[{"id":29021,"href":"https:\/\/concellodezas.gal\/en\/wp-json\/wp\/v2\/posts\/19718\/revisions\/29021"}],"wp:featuredmedia":[{"embeddable":true,"href":"https:\/\/concellodezas.gal\/en\/wp-json\/wp\/v2\/media\/19719"}],"wp:attachment":[{"href":"https:\/\/concellodezas.gal\/en\/wp-json\/wp\/v2\/media?parent=19718"}],"wp:term":[{"taxonomy":"category","embeddable":true,"href":"https:\/\/concellodezas.gal\/en\/wp-json\/wp\/v2\/categories?post=19718"},{"taxonomy":"post_tag","embeddable":true,"href":"https:\/\/concellodezas.gal\/en\/wp-json\/wp\/v2\/tags?post=19718"}],"curies":[{"name":"wp","href":"https:\/\/api.w.org\/{rel}","templated":true}]}}