{"id":19579,"date":"2025-03-13T23:12:41","date_gmt":"2025-03-13T22:12:41","guid":{"rendered":"https:\/\/concellodezas.org\/?p=19579"},"modified":"2025-12-22T16:47:14","modified_gmt":"2025-12-22T15:47:14","slug":"o-concello-de-zas-inicia-a-campana-de-trampeo-da-vespa-velutina-coa-instalacion-de-mais-de-500-trampas","status":"publish","type":"post","link":"https:\/\/concellodezas.gal\/en\/o-concello-de-zas-inicia-a-campana-de-trampeo-da-vespa-velutina-coa-instalacion-de-mais-de-500-trampas\/","title":{"rendered":"O Concello de Zas inicia a campa\u00f1a de trampeo da vespa velutina coa instalaci\u00f3n de m\u00e1is de 500 trampas"},"content":{"rendered":"<p>O Concello de Zas v\u00e9n de po\u00f1er en marcha unha nova <b>campa\u00f1a de trampeo da vespa velutina<\/b>, e xa van oito, co fin de evitar a expansi\u00f3n desta especie invasora e poder controlala. Grazas \u00e1 colaboraci\u00f3n da veci\u00f1anza, que este ano \u00e9 maior que en anos anteriores, instalaranse unhas 500 trampas en todo o municipio. O Tenente de Alcalde, Jos\u00e9 Manuel Brenlla, deulles as grazas aso m\u00e1is de 100 veci\u00f1os e veci\u00f1as que hoxe se achegaron ata o Centro Sociocultural de Zas para asistir a unha breve charla informativa e para recoller as trampas e o l\u00edquido atra\u00ednte que facilita o Concello de forma totalmente gratu\u00edta. \u201cQueresmos darvos as grazas por unha vez m\u00e1is sumarvos a esta loita contra a vespa velutina, xa que este \u00e9 un traballo que debemos facer entre todos\u201d, sinalou Brenlla.<\/p>\n<p>Este \u00e9 o oitavo ano que o Concello de Zas pon en marcha unha campa\u00f1a de trampeo que se prolonga ata o mes de maio, sendo as\u00ed un dos primeiros municipios da zona en loitar contra esta praga que afecta a toda a comunidade. Segundo os datos recollidos ano a ano, no 2023 houbo un claro repunte do n\u00famero de vespas atrapadas cun total de 15.297 capturas. Segundo explicou Isidro Rodr\u00edguez, responsable da empresa encargada da campa\u00f1a (Plaguiber), prevese que este ano haxa un novo repunte de capturas xa que \u201cas temperaturas do inverno foron suaves e d\u00e9ronse as condici\u00f3ns ideias para que as ra\u00ed\u00f1as sobreviviran\u201d. \u00c9 precisamente nestes meses, febreiro e marzo, o momento ideal para a instalaci\u00f3n de trampas para capturar o maior n\u00famero de ra\u00ed\u00f1as posibles que est\u00e1n a despertar do seu letargo. \u201cCantas m\u00e1is ra\u00ed\u00f1as se capturen m\u00e1is ni\u00f1os primarios se evitar\u00e1n\u201d, sinalou o responsable de Plaguiber.<\/p>\n<p>Esta campa\u00f1a desperta un enorme interese entre a veci\u00f1anza e unha mostra diso \u00e9 a s\u00faa implicaci\u00f3n. M\u00e1is de 100 veci\u00f1os e veci\u00f1as recolleron hoxe as s\u00faas trampas e a\u00ednda queda m\u00e1is material dispo\u00f1ible, polo que todas aquelas persoas que o desexen poden recoller ata que se rematen as existencias do material que facilita o Concello de Zas. Para iso deber\u00e1n chamar previamente ao Centro Sociocultural de Zas a trav\u00e9s do n\u00famero de tel\u00e9fono 981 751 398.<\/p>\n<p><b>012<\/b><\/p>\n<p>Durante a charla recordouse que o 012 \u00e9 o n\u00famero de tel\u00e9fono ao que os veci\u00f1os e veci\u00f1as deber\u00e1n chamar para solicitar a retirada de ni\u00f1os.<\/p>\n<p>A continuaci\u00f3n p\u00f3dense observar os principais datos recollidos nos \u00faltimos catro anos:<\/p>\n<p><img fetchpriority=\"high\" decoding=\"async\" class=\"alignnone  wp-image-19583\" src=\"https:\/\/concellodezas.gal\/wp-content\/uploads\/2025\/03\/ESTADISTICAS-CAMPANA-DE-TRAMPEO-NO-CONCELLO-DE-ZAS_page-0001-1024x791.jpg\" alt=\"\" width=\"889\" height=\"688\" srcset=\"https:\/\/concellodezas.gal\/wp-content\/uploads\/2025\/03\/ESTADISTICAS-CAMPANA-DE-TRAMPEO-NO-CONCELLO-DE-ZAS_page-0001-1024x791.jpg 1024w, https:\/\/concellodezas.gal\/wp-content\/uploads\/2025\/03\/ESTADISTICAS-CAMPANA-DE-TRAMPEO-NO-CONCELLO-DE-ZAS_page-0001-300x232.jpg 300w, https:\/\/concellodezas.gal\/wp-content\/uploads\/2025\/03\/ESTADISTICAS-CAMPANA-DE-TRAMPEO-NO-CONCELLO-DE-ZAS_page-0001-768x593.jpg 768w, https:\/\/concellodezas.gal\/wp-content\/uploads\/2025\/03\/ESTADISTICAS-CAMPANA-DE-TRAMPEO-NO-CONCELLO-DE-ZAS_page-0001-1536x1187.jpg 1536w, https:\/\/concellodezas.gal\/wp-content\/uploads\/2025\/03\/ESTADISTICAS-CAMPANA-DE-TRAMPEO-NO-CONCELLO-DE-ZAS_page-0001-1080x835.jpg 1080w, https:\/\/concellodezas.gal\/wp-content\/uploads\/2025\/03\/ESTADISTICAS-CAMPANA-DE-TRAMPEO-NO-CONCELLO-DE-ZAS_page-0001-1280x989.jpg 1280w, https:\/\/concellodezas.gal\/wp-content\/uploads\/2025\/03\/ESTADISTICAS-CAMPANA-DE-TRAMPEO-NO-CONCELLO-DE-ZAS_page-0001-980x757.jpg 980w, https:\/\/concellodezas.gal\/wp-content\/uploads\/2025\/03\/ESTADISTICAS-CAMPANA-DE-TRAMPEO-NO-CONCELLO-DE-ZAS_page-0001-480x371.jpg 480w, https:\/\/concellodezas.gal\/wp-content\/uploads\/2025\/03\/ESTADISTICAS-CAMPANA-DE-TRAMPEO-NO-CONCELLO-DE-ZAS_page-0001.jpg 1650w\" sizes=\"(max-width: 889px) 100vw, 889px\" \/><\/p>\n","protected":false},"excerpt":{"rendered":"<p>O Concello de Zas v\u00e9n de po\u00f1er en marcha unha nova campa\u00f1a de trampeo da vespa velutina, e xa van oito, co fin de evitar a expansi\u00f3n desta especie invasora e poder controlala. Grazas \u00e1 colaboraci\u00f3n da veci\u00f1anza, que este ano \u00e9 maior que en anos anteriores, instalaranse unhas 500 trampas en todo o municipio. [&hellip;]<\/p>\n","protected":false},"author":5,"featured_media":19580,"comment_status":"open","ping_status":"closed","sticky":false,"template":"","format":"standard","meta":{"slim_seo":{"title":"O Concello de Zas inicia a campa\u00f1a de trampeo da vespa velutina coa instalaci\u00f3n de m\u00e1is de 500 trampas - Concello de Zas","description":"O Concello de Zas v\u00e9n de po\u00f1er en marcha unha nova campa\u00f1a de trampeo da vespa velutina , e xa van oito, co fin de evitar a expansi\u00f3n desta especie invasora e p"},"footnotes":""},"categories":[10],"tags":[],"class_list":["post-19579","post","type-post","status-publish","format-standard","has-post-thumbnail","hentry","category-concello"],"_links":{"self":[{"href":"https:\/\/concellodezas.gal\/en\/wp-json\/wp\/v2\/posts\/19579","targetHints":{"allow":["GET"]}}],"collection":[{"href":"https:\/\/concellodezas.gal\/en\/wp-json\/wp\/v2\/posts"}],"about":[{"href":"https:\/\/concellodezas.gal\/en\/wp-json\/wp\/v2\/types\/post"}],"author":[{"embeddable":true,"href":"https:\/\/concellodezas.gal\/en\/wp-json\/wp\/v2\/users\/5"}],"replies":[{"embeddable":true,"href":"https:\/\/concellodezas.gal\/en\/wp-json\/wp\/v2\/comments?post=19579"}],"version-history":[{"count":1,"href":"https:\/\/concellodezas.gal\/en\/wp-json\/wp\/v2\/posts\/19579\/revisions"}],"predecessor-version":[{"id":29030,"href":"https:\/\/concellodezas.gal\/en\/wp-json\/wp\/v2\/posts\/19579\/revisions\/29030"}],"wp:featuredmedia":[{"embeddable":true,"href":"https:\/\/concellodezas.gal\/en\/wp-json\/wp\/v2\/media\/19580"}],"wp:attachment":[{"href":"https:\/\/concellodezas.gal\/en\/wp-json\/wp\/v2\/media?parent=19579"}],"wp:term":[{"taxonomy":"category","embeddable":true,"href":"https:\/\/concellodezas.gal\/en\/wp-json\/wp\/v2\/categories?post=19579"},{"taxonomy":"post_tag","embeddable":true,"href":"https:\/\/concellodezas.gal\/en\/wp-json\/wp\/v2\/tags?post=19579"}],"curies":[{"name":"wp","href":"https:\/\/api.w.org\/{rel}","templated":true}]}}