{"id":15817,"date":"2024-06-04T19:00:01","date_gmt":"2024-06-04T17:00:01","guid":{"rendered":"https:\/\/concellodezas.org\/?p=15817"},"modified":"2025-12-22T16:47:17","modified_gmt":"2025-12-22T15:47:17","slug":"ponse-en-marcha-a-39a-edicion-da-festa-da-carballeira","status":"publish","type":"post","link":"https:\/\/concellodezas.gal\/en\/ponse-en-marcha-a-39a-edicion-da-festa-da-carballeira\/","title":{"rendered":"Ponse en marcha a 39\u00aa edici\u00f3n da Festa da Carballeira"},"content":{"rendered":"<p>&nbsp;<\/p>\n<p><span style=\"font-weight: 400;\">Esta ma\u00f1\u00e1 tivo lugar a presentaci\u00f3n oficial do cartel da <a href=\"https:\/\/www.festadacarballeira.com\/\">39\u00aa edici\u00f3n da Carballeira de Zas<\/a> e os artistas confirmados, que deleitar\u00e1n o p\u00fablico coa s\u00faa m\u00fasica os vindeiros 9 e 10 de agosto. O acto tivo lugar na cervexer\u00eda de Estrella Galicia, en A Coru\u00f1a.<\/span><\/p>\n<p><span style=\"font-weight: 400;\">A<\/span> <span style=\"font-weight: 400;\">presentaci\u00f3n f\u00edxose da man do alcalde de Zas, Manuel Mu\u00ed\u00f1o, que declarou que<\/span> <span style=\"font-weight: 400;\">\u201c\u00e9 unha honra ser a representaci\u00f3n do concello onde se celebra\u201d o que, para \u00e9l, \u201c\u00e9 un dos festivais m\u00e1is importantes de Galicia\u201d e adulou \u00e1 organizaci\u00f3n e o seu traballo \u201ccada ano Castro Meda esm\u00e9rase traendo a grupos do mellor do folclore galego\u201d. Tam\u00e9n dotou de valor aos centos de voluntarios que participan, cada ano, para que todo salga perfecto.<\/span> <span style=\"font-weight: 400;\">Loreto Rodriguez Fuentes, responsable de Earned Media en Estrella Galicia, foi a segunda en intervir, quen comezou agradecendo a organizaci\u00f3n por contar un ano m\u00e1is con eles. Comentou que \u201cpara Estrella Galicia \u00e9 unha satisfacci\u00f3n seguir apoiando un festival tan local, que se segue celebrando nun entorno natural e tan caracter\u00edstico de Galicia\u201d. <\/span><b>\u00a0<\/b><\/p>\n<p><span style=\"font-weight: 400;\">A Vicepresidenta e Responsabel del \u00e1rea de Cultura da Deputaci\u00f3n de A Coru\u00f1a, Natividad de Jes\u00fas Gonz\u00e1lez Rodr\u00edguez, tam\u00e9n foi unha das voceiras que quixo recalcar o<\/span> <span style=\"font-weight: 400;\">esforzo e traballo das persoas que po\u00f1en o coraz\u00f3n e a alma en que salga adiante a festa. Declarou que \u201cdende a Deputaci\u00f3n \u00e9 un pracer traballar cos concellos e as entidades, para festivais como estes que crean comunidade en concellos como Zas\u201d, e cualificou o festival como \u201cunha das mellores festas da comarca\u201d. A quenda chegou ao director do Festival, Fidel Otero, que comezou dando as grazas as instituci\u00f3ns e marcas implicadas que o acompa\u00f1aban na mesa. Destacou que \u201ccomo festival humilde queremos facernos destacar por iso, por ser fieis as tradici\u00f3ns, e queremos que a Carballeira siga sendo unha festa do pobo, para todos\u201d. En relaci\u00f3n aos artistas deste ano, mencionou que \u00e9 \u201cunha edici\u00f3n con un cartel m\u00e1is variado musicalmente\u201d.<\/span><\/p>\n<p><span style=\"font-weight: 400;\">Ademais, o folclorista e membro de Os do Fondo da Barra, Quique Pe\u00f3n, unha das bandas confirmadas para esta edici\u00f3n, quixo participar nesta presentaci\u00f3n apoiando a directiva do festival. Quique estivo moi ligado durante anos coa Carballeira, sendo profesor de baile e canto da Asociaci\u00f3n Castro Meda, organizador do festival. Quixo recalcar, ademais \u201ca importancia de que que festivais destas caracter\u00edsticas logren involucrar a un pobo enteiro. Este festival ten unha parte tradicional important\u00edsima, cunha identidade cultural \u00fanica da zona&#8221;.<\/span><\/p>\n<p><span style=\"font-weight: 400;\">Patrocinada un ano m\u00e1is por Estrella Galicia e a Deputaci\u00f3n da Coru\u00f1a, a 39\u00ba edici\u00f3n ter\u00e1 o pracer de ter sobre o seu escenario Estrella Galicia o venres a Maneiro, vocalista do grupo de rock galego <\/span><i><span style=\"font-weight: 400;\">Herdeiros da Crus,<\/span><\/i><span style=\"font-weight: 400;\"> que chega para presentar o seu cuarto disco en solitario, baixo a mensaxe <\/span><i><span style=\"font-weight: 400;\">O tempo de ser felis \u00e9 agora. <\/span><\/i><span style=\"font-weight: 400;\">Xunto a el, grandes grupos que completan un cartel onde a diversidade musical \u00e9 o principal. A Carballeira de Velar estase a preparar para dar cabida, un ano m\u00e1is, a milleiros de amantes da m\u00fasica folk e tradicional. Na primeira noite tam\u00e9n desfrutaremos dun dos m\u00e1ximos expo\u00f1entes do rap galego, a banda Rebeliom Do Inframundo, xunto a uns grandes referentes internacionais da fusi\u00f3n e do mestizaxe, Amparanoia y Artistas del Gremio.<\/span><\/p>\n<p><span style=\"font-weight: 400;\">O s\u00e1bado dende ben pronto, gozaremos de actuaci\u00f3ns e un ambiente orientado \u00f3 p\u00fablico m\u00e1is familiar como acostuma a ser, habendo a xa tradicional <\/span><b>mexilloada<\/b><span style=\"font-weight: 400;\"> popular de balde, gastronom\u00eda, mercado artes\u00e1n, zona infantil, as\u00ed como <\/span><b>sesi\u00f3n verm\u00fa.\u00a0<\/b><\/p>\n<p><span style=\"font-weight: 400;\">As actuaci\u00f3ns musicais arrancar\u00e1n da man do grupo Gramola Gominola que <\/span><i><span style=\"font-weight: 400;\">rockear\u00e1<\/span><\/i><span style=\"font-weight: 400;\"> con todos os cativos, seguidos da artista Guadi Galego. Fanfarria Taquikardia animar\u00e1 a sobremesa, e dar\u00e1 paso a tradicional gran Foliada da man de Brincadeira, Petadores, Pandereteiros O Fiadeiro, as Pandereteiras Xacarandaina e Chur\u00eda. O grupo De Ninghures cerrar\u00e1 a tarde mostrando ao p\u00fablico a s\u00faa gran destreza art\u00edstica.\u00a0<\/span><\/p>\n<p><span style=\"font-weight: 400;\">A festa non remata aqu\u00ed, pois cando chegue a noite, os concertos seguir\u00e1n no escenario Estrella Galicia da man do grupo Os do Fondo Da Barra, do que forma parte o folclorista Quique Pe\u00f3n; os alem\u00e1ns The O\u00b4Reillys &amp; Paddyhats; seguidos do cantareiro e bailador, Mondra e finalizaremos cos polifac\u00e9ticos Storrentos.<\/span><\/p>\n<p><b>Venda de entradas<\/b><\/p>\n<p><span style=\"font-weight: 400;\">A venda de entradas online xa est\u00e1 aberta, e a d\u00eda de hoxe centos de persoas xa se fixeron cos seus bonos para a festa, dos cales os m\u00e1is r\u00e1pidos conseguiron un prezo mellor gracias a oferta especial de lanzamento, abonos para os dous d\u00edas a un prezo de 15\u20ac + gastos de xesti\u00f3n.\u00a0<\/span><\/p>\n<p><span style=\"font-weight: 400;\">A venda online p\u00f3dense a atopar na p\u00e1xina oficial da festa, no seguinte enlace <\/span><a href=\"https:\/\/www.festadacarballeira.com\/entradas-es\/\"><span style=\"font-weight: 400;\">https:\/\/www.festadacarballeira.com\/entradas-es\/<\/span><\/a><span style=\"font-weight: 400;\"> e tam\u00e9n nas propias redes sociais da Carballeira: Facebook e Instagram.\u00a0<\/span><\/p>\n<p><span style=\"font-weight: 400;\">O prezo regular ser\u00e1: abono de d\u00eda individual 10\u20ac + gastos de xesti\u00f3n e o abono para os dous d\u00edas 18\u20ac + gastos de xesti\u00f3n. A venda online de entradas estar\u00e1 aberta ata o d\u00eda 9 de agosto as 21h, a partir de este momento as entradas poderanse comprar en taquilla, onde os prezos ser\u00e1n de 15\u20ac entrada para un s\u00f3 d\u00eda, ou 25\u20ac abono para os dous d\u00edas.\u00a0<\/span><\/p>\n<p><b>A Carballeira solidaria<\/b><\/p>\n<p><span style=\"font-weight: 400;\">Ao igual que todos os anos, dende a organizaci\u00f3n da Carballeira faremos unha doaz\u00f3n de 1\u20ac da venta de cada abono vendido online para unha organizaci\u00f3n sen \u00e1nimo de lucro. En esta ocasi\u00f3n, temos a honra de colaborar coa Asociaci\u00f3n Ayuda a Superar las Enfermedades Raras, ASER.\u00a0 A trav\u00e9s da recollida de tap\u00f3ns, actos e campa\u00f1as en toda a provincia de A Coru\u00f1a, axudan aos que m\u00e1is o necesitan. ASER leva 7 anos dando a co\u00f1ecer a problem\u00e1tica e o desco\u00f1ecemento xeral que existe sobre as enfermidades raras, que cada vez afectan a un maior n\u00famero de persoas, mediante a concienciaci\u00f3n e a difusi\u00f3n das mesmas.<\/span><\/p>\n<p><span style=\"font-weight: 400;\">Con este pequeno xesto, dende a Carballeira queremos apoiar e reco\u00f1ecer a labor desenvolta por esta Asociaci\u00f3n, d\u00e1ndolle visibilidade.<\/span><\/p>\n<p><span style=\"font-weight: 400;\">Amosan o seu compromiso apoiando as iniciativas tanto privadas como p\u00fablicas vinculadas coa difusi\u00f3n e o entendemento desta problem\u00e1tica social. Ademais, po\u00f1en a disposici\u00f3n os seus m\u00e9dicos especialistas para axudar a todos os que precisen unha resposta ante as s\u00faas inquedanzas e terapias a seguir para levar unha vida o m\u00e1is plena posible.<\/span><\/p>\n<p><b>Zona de acampada gratu\u00edta\u00a0<\/b><\/p>\n<p><span style=\"font-weight: 400;\">Como \u00e9 habitual e como se leva facendo en anteriores edici\u00f3ns, todos aqueles asistentes que queiran acampar en Zas durante os d\u00edas da festa, contar\u00e1n con zona de acampada gratu\u00edta (situada a poucos metros do recinto musical). Tam\u00e9n ter\u00e1n ba\u00f1os e duchas.<\/span><\/p>\n<p><b>Evento familiar<\/b><\/p>\n<p><span style=\"font-weight: 400;\">Como todos os anos a tarde do s\u00e1bado na Carballeira de Zas est\u00e1 pensada para o desfrute de maiores y pequenos, contando con unha zona de gastronom\u00eda, espazo l\u00fadico infantil, feira de artesan\u00eda e outras actividades para todos os p\u00fablicos principalmente para os m\u00e1is cativos e os maiores da casa.<\/span><\/p>\n<p><img fetchpriority=\"high\" decoding=\"async\" class=\"alignnone size-medium wp-image-15821\" src=\"https:\/\/concellodezas.gal\/wp-content\/uploads\/2024\/06\/cartel-festa-carballeira-2024-213x300.jpeg\" alt=\"\" width=\"213\" height=\"300\" srcset=\"https:\/\/concellodezas.gal\/wp-content\/uploads\/2024\/06\/cartel-festa-carballeira-2024-213x300.jpeg 213w, https:\/\/concellodezas.gal\/wp-content\/uploads\/2024\/06\/cartel-festa-carballeira-2024.jpeg 324w\" sizes=\"(max-width: 213px) 100vw, 213px\" \/><\/p>\n<p>&nbsp;<\/p>\n","protected":false},"excerpt":{"rendered":"<p>A noite do venres estar\u00e1 marcada pola actuaci\u00f3n de Amparanoia, Maneiro, xunto co rap galego de Rebeliom do Inframundo<\/p>\n<p>O s\u00e1bado veremos sobre o escenario para os m\u00e1is pequenos Gramola Gominola, a sesi\u00f3n verm\u00fa vir\u00e1 da man de Guadi Galego, referente da m\u00fasica galega, animando a tarde Fanfarria Taquikardia e a tradicional gran Foliada. De Ninghures pechar\u00e1 a tarde<\/p>\n<p>Chegada a noite, ser\u00e1 a quenda da banda alem\u00e1 The O\u00b4Reillys &#038; Paddyhats co seu folk punk irland\u00e9s, Os do Fondo da Barra, Mondra e Storrentos<\/p>\n","protected":false},"author":5,"featured_media":15818,"comment_status":"open","ping_status":"closed","sticky":false,"template":"","format":"standard","meta":{"slim_seo":{"title":"Ponse en marcha a 39\u00aa edici\u00f3n da Festa da Carballeira - Concello de Zas","description":"A noite do venres estar\u00e1 marcada pola actuaci\u00f3n de Amparanoia, Maneiro, xunto co rap galego de Rebeliom do Inframundo O s\u00e1bado veremos sobre o escenario para os"},"footnotes":""},"categories":[10],"tags":[],"class_list":["post-15817","post","type-post","status-publish","format-standard","has-post-thumbnail","hentry","category-concello"],"_links":{"self":[{"href":"https:\/\/concellodezas.gal\/en\/wp-json\/wp\/v2\/posts\/15817","targetHints":{"allow":["GET"]}}],"collection":[{"href":"https:\/\/concellodezas.gal\/en\/wp-json\/wp\/v2\/posts"}],"about":[{"href":"https:\/\/concellodezas.gal\/en\/wp-json\/wp\/v2\/types\/post"}],"author":[{"embeddable":true,"href":"https:\/\/concellodezas.gal\/en\/wp-json\/wp\/v2\/users\/5"}],"replies":[{"embeddable":true,"href":"https:\/\/concellodezas.gal\/en\/wp-json\/wp\/v2\/comments?post=15817"}],"version-history":[{"count":1,"href":"https:\/\/concellodezas.gal\/en\/wp-json\/wp\/v2\/posts\/15817\/revisions"}],"predecessor-version":[{"id":29084,"href":"https:\/\/concellodezas.gal\/en\/wp-json\/wp\/v2\/posts\/15817\/revisions\/29084"}],"wp:featuredmedia":[{"embeddable":true,"href":"https:\/\/concellodezas.gal\/en\/wp-json\/wp\/v2\/media\/15818"}],"wp:attachment":[{"href":"https:\/\/concellodezas.gal\/en\/wp-json\/wp\/v2\/media?parent=15817"}],"wp:term":[{"taxonomy":"category","embeddable":true,"href":"https:\/\/concellodezas.gal\/en\/wp-json\/wp\/v2\/categories?post=15817"},{"taxonomy":"post_tag","embeddable":true,"href":"https:\/\/concellodezas.gal\/en\/wp-json\/wp\/v2\/tags?post=15817"}],"curies":[{"name":"wp","href":"https:\/\/api.w.org\/{rel}","templated":true}]}}