{"id":15740,"date":"2024-05-26T00:02:29","date_gmt":"2024-05-25T22:02:29","guid":{"rendered":"https:\/\/concellodezas.org\/?p=15740"},"modified":"2025-12-22T16:47:18","modified_gmt":"2025-12-22T15:47:18","slug":"o-traballo-de-andrea-do-colectivo-cultural-ollomao-de-barreiros-triunfa-na-vii-mostra-de-teatro-afeccionado-labarta-pose","status":"publish","type":"post","link":"https:\/\/concellodezas.gal\/en\/o-traballo-de-andrea-do-colectivo-cultural-ollomao-de-barreiros-triunfa-na-vii-mostra-de-teatro-afeccionado-labarta-pose\/","title":{"rendered":"\u201cO traballo de Andrea\u201d, do Colectivo Cultural Ollomao de Barreiros, triunfa na VII Mostra de Teatro Afeccionado Labarta Pose"},"content":{"rendered":"<p>Onte \u00e1 tarde tivo lugar no Auditorio de Zas o acto de entrega de premios da <a href=\"https:\/\/concellodezas.gal\/bases-e-anexos-da-vii-mostra-de-teatro-afeccionado-labarta-pose\/\"><b>VII Mostra de Teatro Afeccionado Labarta Pose<\/b>,<\/a> organizada polo Concello de Zas. Nesta edici\u00f3n, un total de 28 obras de teatro de diferentes grupos e compa\u00f1\u00edas de toda a comunidade optaron a ser finalistas e das cales o xurado, integrado por membros do Concello de Zas e do grupo de teatro Badius, seleccionou cinco.<\/p>\n<p>Este foi o reparto dos 3.900\u20ac en premios:<\/p>\n<ul>\n<li>Premio \u00e1 mellor obra elixida polo xurado (900\u20ac, trofeo e diploma acreditativo): &#8220;O traballo de Andrea&#8221;, do Colectivo Cultural Ollomao<\/li>\n<\/ul>\n<ul>\n<li>Premio \u00e1 segunda mellor obra elixida polo xurado (700\u20ac, trofeo e diploma acreditativo): \u201cCr\u00f3nica dun pobo&#8221;, de Gargallada Teatro<\/li>\n<\/ul>\n<ul>\n<li>Premio \u00e1 terceira mellor obra elixida polo xurado (700\u20ac, trofeo e diploma acreditativo): &#8220;A pousada da pantasma coxa&#8221;, de A.C. Fa\u00edscas<\/li>\n<\/ul>\n<ul>\n<li>Premio \u00e1 cuarta mellor obra elixida polo xurado (700\u20ac, trofeo e diploma acreditativo): \u201cLonxe dos teus abrazos&#8221;, de A.C. Teatro do Ar<\/li>\n<\/ul>\n<ul>\n<li>Premio \u00e1 quinta mellor obra elixida polo xurado (700\u20ac, trofeo e diploma acredidativo): \u201cFatum&#8221;, de O Catre Teatro<\/li>\n<\/ul>\n<ul>\n<li>Premio \u00e1 mellor obra elixida polo p\u00fablico (200\u20ac, trofeo e diploma acreditativo): \u201cO traballo de Andrea&#8221;, do Colectivo Cultural Ollomao<\/li>\n<\/ul>\n<ul>\n<li>Premio ao mellor actor (trofeo e diploma acreditativo): Emilio Gonz\u00e1lez L\u00f3pez, pola s\u00faa interpretaci\u00f3n de Ditador na obra &#8220;Cr\u00f3nica dun pobo&#8221;, de Gargallada Teatro<\/li>\n<\/ul>\n<ul>\n<li>Premio \u00e1 mellor actriz (trofeo e diploma acreditativo): Miriam Bouso Gallego, pola s\u00faa interpretaci\u00f3n de Andrea na obra &#8220;O traballo de Andrea&#8221;, do Colectivo Cultural Ollomao<\/li>\n<\/ul>\n<p>\u201cO traballo de Andrea\u201d foi a obra de teatro con maior n\u00famero de reco\u00f1ecementos. Este drama, interpretado polo Colectivo Cultural Ollomao, de Barreiros (Lugo), ten como protagonista a Andrea; unha rapaza que est\u00e1 a facer o seu traballo de fin de curso. Os representantes do colectivo d\u00e9ronlle as grazas e os parab\u00e9ns ao Concello de Zas por fomentar o teatro amateur e despois do \u00e9xito deste ano, que era a primeira vez que se presentaban, aseguraron que \u201cvolveremos \u00e1s vindeiras edici\u00f3ns\u201d.<\/p>\n<p>O Alcalde de Zas, Manuel Mu\u00ed\u00f1o, tam\u00e9n fixo a entrega en nome de todo o Concello dun trofeo aos membros de Badius para reco\u00f1ecer os m\u00e1is de 40 anos que levan enriba dos escenarios.<\/p>\n<p><b>Clausura da Escola de Teatro Infantil do Concello de Zas<\/b><\/p>\n<p><img fetchpriority=\"high\" decoding=\"async\" class=\"alignnone size-medium wp-image-15743\" src=\"https:\/\/concellodezas.gal\/wp-content\/uploads\/2024\/05\/clausura-escola-teatro-infantil-concello-zas-2024-300x225.jpeg\" alt=\"\" width=\"300\" height=\"225\" srcset=\"https:\/\/concellodezas.gal\/wp-content\/uploads\/2024\/05\/clausura-escola-teatro-infantil-concello-zas-2024-300x225.jpeg 300w, https:\/\/concellodezas.gal\/wp-content\/uploads\/2024\/05\/clausura-escola-teatro-infantil-concello-zas-2024-1024x768.jpeg 1024w, https:\/\/concellodezas.gal\/wp-content\/uploads\/2024\/05\/clausura-escola-teatro-infantil-concello-zas-2024-768x576.jpeg 768w, https:\/\/concellodezas.gal\/wp-content\/uploads\/2024\/05\/clausura-escola-teatro-infantil-concello-zas-2024-1536x1152.jpeg 1536w, https:\/\/concellodezas.gal\/wp-content\/uploads\/2024\/05\/clausura-escola-teatro-infantil-concello-zas-2024-510x382.jpeg 510w, https:\/\/concellodezas.gal\/wp-content\/uploads\/2024\/05\/clausura-escola-teatro-infantil-concello-zas-2024-1080x810.jpeg 1080w, https:\/\/concellodezas.gal\/wp-content\/uploads\/2024\/05\/clausura-escola-teatro-infantil-concello-zas-2024-1280x960.jpeg 1280w, https:\/\/concellodezas.gal\/wp-content\/uploads\/2024\/05\/clausura-escola-teatro-infantil-concello-zas-2024-980x735.jpeg 980w, https:\/\/concellodezas.gal\/wp-content\/uploads\/2024\/05\/clausura-escola-teatro-infantil-concello-zas-2024-480x360.jpeg 480w, https:\/\/concellodezas.gal\/wp-content\/uploads\/2024\/05\/clausura-escola-teatro-infantil-concello-zas-2024.jpeg 1600w\" sizes=\"(max-width: 300px) 100vw, 300px\" \/><\/p>\n<p>Antes de ser a entrega de premios da VII Mostra de Teatro Afeccionado Labarta Pose tivo lugar a clausura da <b>Escola de Teatro Infantil do Concello de Zas<\/b>, dirixida por To\u00f1o Casais. Os nenos e nenas interpretaron \u201cO rei n\u00fa\u201d; unha divertida obra de teatro coa que o p\u00fablico pasou un anaco moi entretido.<\/p>\n","protected":false},"excerpt":{"rendered":"<p>Onte pola tarde tivo lugar no Auditorio de Zas o acto de entrega de premios da s\u00e9tima edici\u00f3n deste certame organizado polo Concello de Zas<\/p>\n","protected":false},"author":5,"featured_media":15741,"comment_status":"open","ping_status":"closed","sticky":false,"template":"","format":"standard","meta":{"slim_seo":{"title":"\u201cO traballo de Andrea\u201d, do Colectivo Cultural Ollomao de Barreiros, triunfa na VII Mostra de Teatro Afeccionado Labarta Pose - Concello de Zas","description":"Onte pola tarde tivo lugar no Auditorio de Zas o acto de entrega de premios da s\u00e9tima edici\u00f3n deste certame organizado polo Concello de Zas"},"footnotes":""},"categories":[10],"tags":[],"class_list":["post-15740","post","type-post","status-publish","format-standard","has-post-thumbnail","hentry","category-concello"],"_links":{"self":[{"href":"https:\/\/concellodezas.gal\/en\/wp-json\/wp\/v2\/posts\/15740","targetHints":{"allow":["GET"]}}],"collection":[{"href":"https:\/\/concellodezas.gal\/en\/wp-json\/wp\/v2\/posts"}],"about":[{"href":"https:\/\/concellodezas.gal\/en\/wp-json\/wp\/v2\/types\/post"}],"author":[{"embeddable":true,"href":"https:\/\/concellodezas.gal\/en\/wp-json\/wp\/v2\/users\/5"}],"replies":[{"embeddable":true,"href":"https:\/\/concellodezas.gal\/en\/wp-json\/wp\/v2\/comments?post=15740"}],"version-history":[{"count":1,"href":"https:\/\/concellodezas.gal\/en\/wp-json\/wp\/v2\/posts\/15740\/revisions"}],"predecessor-version":[{"id":29090,"href":"https:\/\/concellodezas.gal\/en\/wp-json\/wp\/v2\/posts\/15740\/revisions\/29090"}],"wp:featuredmedia":[{"embeddable":true,"href":"https:\/\/concellodezas.gal\/en\/wp-json\/wp\/v2\/media\/15741"}],"wp:attachment":[{"href":"https:\/\/concellodezas.gal\/en\/wp-json\/wp\/v2\/media?parent=15740"}],"wp:term":[{"taxonomy":"category","embeddable":true,"href":"https:\/\/concellodezas.gal\/en\/wp-json\/wp\/v2\/categories?post=15740"},{"taxonomy":"post_tag","embeddable":true,"href":"https:\/\/concellodezas.gal\/en\/wp-json\/wp\/v2\/tags?post=15740"}],"curies":[{"name":"wp","href":"https:\/\/api.w.org\/{rel}","templated":true}]}}