{"id":14398,"date":"2024-03-14T17:05:33","date_gmt":"2024-03-14T16:05:33","guid":{"rendered":"https:\/\/concellodezas.org\/?p=14398"},"modified":"2025-12-22T16:47:19","modified_gmt":"2025-12-22T15:47:19","slug":"bases-e-anexos-da-vii-mostra-de-teatro-afeccionado-labarta-pose","status":"publish","type":"post","link":"https:\/\/concellodezas.gal\/en\/bases-e-anexos-da-vii-mostra-de-teatro-afeccionado-labarta-pose\/","title":{"rendered":"O Concello de Zas pon en marcha a VII Mostra de Teatro Afeccionado Labarta Pose na que se repartir\u00e1n 3.900 euros en premios"},"content":{"rendered":"<p>Xa est\u00e1 en marcha unha nova edici\u00f3n, e van sete, da <a href=\"https:\/\/concellodezas.gal\/cultura-e-deportes\/certame-enrique-labarta-pose\/\">Mostra de Teatro Afeccionado Labarta Pose<\/a> organizada polo Concello de Zas a trav\u00e9s do seu departamento de Cultura. Unha das principais novidades deste ano \u00e9 que se aumenta a cuant\u00eda dos premios a 3.900\u20ac co fin de fomentar o teatro afeccionado as\u00ed como o teatro feito en Galicia e en galego.<\/p>\n<p>Na <b>VII Mostra de Teatro Afeccionado \u201cLabarta Pose\u201d<\/b> poden participar todas aquelas compa\u00f1\u00edas e\/ou grupos galegas de teatro afeccionado. No <a href=\"https:\/\/sede.concellodezas.org\/sxc\/es\/informacion\/tablon\/2024\/ANUNCIO_PROG_20240314100006527.html\">Tabl\u00f3n de Anuncios da Sede Electr\u00f3nica do Concello de Zas<\/a> e ao final desta nova poder\u00e1n consultarse as bases do certame, a documentaci\u00f3n requerida as\u00ed como descargar as fichas de inscrici\u00f3n. O prazo para anotarse xa est\u00e1 aberto sendo o 1 de abril a data l\u00edmite para enviar a documentaci\u00f3n.<\/p>\n<p>Unha vez recibidas todas as solicitudes, un xurado formado por membros do Concello de Zas e do grupo de teatro Badius seleccionar\u00e1 as cinco obras finalistas que se representar\u00e1n os d\u00edas 20 e 27 de abril e 4, 11 e 18 de maio. As representaci\u00f3ns comezar\u00e1n entre as 20:00 e as 21:00 horas e repartiranse entre o Auditorio Municipal de Zas e o Auditorio Municipal de Baio. O d\u00eda da entrega de premios ser\u00e1 o 25 de maio nun acto que ter\u00e1 lugar a partir das 18:00 horas no Auditorio de Baio.<\/p>\n<p><b>3.900\u20ac en premios<\/b><\/p>\n<p>Todas as obras finalistas ter\u00e1n premio. En total o Concello de Zas repartir\u00e1 3.900\u20ac entre elas que se distribuir\u00e1n da seguinte maneira:<span class=\"Apple-converted-space\">\u00a0<\/span><\/p>\n<ul>\n<li>Premio \u00e1 mellor obra elixida polo xurado: 900\u20ac, trofeo e diploma acreditativo<\/li>\n<li>Premio \u00e1 segunda mellor obra elixida polo xurado: 700\u20ac, trofeo e diploma acreditativo<\/li>\n<li>Premio \u00e1 terceira mellor obra elixida polo xurado: 700\u20ac, trofeo e diploma acreditativo<\/li>\n<li>Premio \u00e1 cuarta mellor obra elixida polo xurado: 700\u20ac, trofeo e diploma acreditativo<\/li>\n<li>Premio \u00e1 quinta mellor obra elixida polo xurado: 700\u20ac, trofeo e diploma acreditativo<\/li>\n<li>Premio \u00e1 mellor obra elixida polo p\u00fablico: 200\u20ac, trofeo e diploma acreditativo<\/li>\n<\/ul>\n<p>O mellor actor e a mellor actriz desta s\u00e9tima edici\u00f3n da mostra tam\u00e9n recibir\u00e1n cadanseu trofeo e diploma acreditativo.<\/p>\n<p>O Alcalde de Zas, Manuel Mu\u00ed\u00f1o, sinalou que a Mostra de Teatro Afeccionado Labarta Pose \u201c\u00e9 un referente para o teatro amateur e que cada vez atrae a un maior n\u00famero de grupos e compa\u00f1\u00edas de toda a comunidade\u201d.<span class=\"Apple-converted-space\">\u00a0<\/span><\/p>\n<p><a href=\"https:\/\/concellodezas.gal\/wp-content\/uploads\/2024\/03\/Edit.Anexo-I.pdf\">Editable Anexo I<\/a><\/p>\n<p><a href=\"https:\/\/concellodezas.gal\/wp-content\/uploads\/2024\/03\/Edit.-Anexo-II.pdf\">Editable Anexo II<\/a><\/p>\n<p><a href=\"https:\/\/concellodezas.gal\/wp-content\/uploads\/2024\/03\/Edit.-Anexo-III.pdf\">Editable Anexo III<\/a><\/p>\n<p><a href=\"https:\/\/concellodezas.gal\/wp-content\/uploads\/2024\/03\/Edit.-Anexo-IV.pdf\">Editable Anexo IV<\/a><\/p>\n<p><a href=\"https:\/\/concellodezas.gal\/wp-content\/uploads\/2024\/03\/Poposta-de-Bases-e-convocatoria-da_VI_Mostra_teatro_afeccionado_labarta_pose_Concello_Zas-2023.pdf\">Proposta de Bases e convocatoria da VII Mostra de Teatro afeccionado Labarta Pose<\/a><\/p>\n<p>&nbsp;<\/p>\n","protected":false},"excerpt":{"rendered":"<p>Consulta e descarga aqu\u00ed as bases e os anexos para a inscrici\u00f3n<\/p>\n","protected":false},"author":5,"featured_media":3387,"comment_status":"open","ping_status":"closed","sticky":false,"template":"","format":"standard","meta":{"slim_seo":{"title":"O Concello de Zas pon en marcha a VII Mostra de Teatro Afeccionado Labarta Pose na que se repartir\u00e1n 3.900 euros en premios - Concello de Zas","description":"Consulta e descarga aqu\u00ed as bases e os anexos para a inscrici\u00f3n"},"footnotes":""},"categories":[10],"tags":[],"class_list":["post-14398","post","type-post","status-publish","format-standard","has-post-thumbnail","hentry","category-concello"],"_links":{"self":[{"href":"https:\/\/concellodezas.gal\/en\/wp-json\/wp\/v2\/posts\/14398","targetHints":{"allow":["GET"]}}],"collection":[{"href":"https:\/\/concellodezas.gal\/en\/wp-json\/wp\/v2\/posts"}],"about":[{"href":"https:\/\/concellodezas.gal\/en\/wp-json\/wp\/v2\/types\/post"}],"author":[{"embeddable":true,"href":"https:\/\/concellodezas.gal\/en\/wp-json\/wp\/v2\/users\/5"}],"replies":[{"embeddable":true,"href":"https:\/\/concellodezas.gal\/en\/wp-json\/wp\/v2\/comments?post=14398"}],"version-history":[{"count":1,"href":"https:\/\/concellodezas.gal\/en\/wp-json\/wp\/v2\/posts\/14398\/revisions"}],"predecessor-version":[{"id":29102,"href":"https:\/\/concellodezas.gal\/en\/wp-json\/wp\/v2\/posts\/14398\/revisions\/29102"}],"wp:featuredmedia":[{"embeddable":true,"href":"https:\/\/concellodezas.gal\/en\/wp-json\/wp\/v2\/media\/3387"}],"wp:attachment":[{"href":"https:\/\/concellodezas.gal\/en\/wp-json\/wp\/v2\/media?parent=14398"}],"wp:term":[{"taxonomy":"category","embeddable":true,"href":"https:\/\/concellodezas.gal\/en\/wp-json\/wp\/v2\/categories?post=14398"},{"taxonomy":"post_tag","embeddable":true,"href":"https:\/\/concellodezas.gal\/en\/wp-json\/wp\/v2\/tags?post=14398"}],"curies":[{"name":"wp","href":"https:\/\/api.w.org\/{rel}","templated":true}]}}