{"id":13196,"date":"2024-01-03T23:55:38","date_gmt":"2024-01-03T22:55:38","guid":{"rendered":"https:\/\/concellodezas.org\/?p=13196"},"modified":"2025-12-22T16:47:19","modified_gmt":"2025-12-22T15:47:19","slug":"os-reis-magos-percorren-o-noso-municipio-durante-dous-dias-e-remataran-cunha-recepcion-real-en-baio-e-en-zas-nas-que-repartiremos-chocolate-con-churros","status":"publish","type":"post","link":"https:\/\/concellodezas.gal\/en\/os-reis-magos-percorren-o-noso-municipio-durante-dous-dias-e-remataran-cunha-recepcion-real-en-baio-e-en-zas-nas-que-repartiremos-chocolate-con-churros\/","title":{"rendered":"Os Reis Magos percorren o noso municipio durante dous d\u00edas e rematar\u00e1n cunha recepci\u00f3n real en Baio e en Zas nas que repartiremos chocolate con churros"},"content":{"rendered":"<p>Dous d\u00edas necesitar\u00e1n as SS. MM. Os Reis Magos de Oriente para percorrer os cerca de 100 n\u00facleos de poboaci\u00f3n do noso concello. Segundo as previsi\u00f3ns, Melchor, Gaspar e Baltasar chegar\u00e1n ao Concello de Zas ma\u00f1\u00e1 pola ma\u00f1\u00e1 e tras unha breve recepci\u00f3n na Casa do Concello iniciar\u00e1n o seu itinerario acompa\u00f1ados dos seus paxes, dunhas coloridas carrozas e do Alcalde de Zas, Manuel Mu\u00ed\u00f1o. Durante o percorrido entregaranlle un pequeno agasallo a todos aqueles veci\u00f1os e veci\u00f1as cos que se atopen.<span class=\"Apple-converted-space\">\u00a0<\/span><\/p>\n<p>Este \u00e9 o seu itinerario:<\/p>\n<ul>\n<li><b>Xoves, 4 de xaneiro<\/b><\/li>\n<\/ul>\n<p>De 10:00 a 14:00 horas: San Adri\u00e1n, A Devesa, Rial de Abaixo, Caberte, Max\u00edn, A Atalaia, Rial de Arriba, Frox\u00e1n, San Marti\u00f1o, Vila, Langueir\u00f3n, A Santa, Fontespi\u00f1o, Pedra Padreiro, Mar\u00e1n, Campos, A Lagoa, Pudenza, Brandomil, A Calabanda, Padreiro, Quint\u00e1ns, Limideiro, Currais, A Gris, Borreiros, A Xestosa, Os Pedrouzos, As Abellas, O Couto, A Toxa, O Vilar, A Chur\u00eda e Meanos<\/p>\n<p>De 15:00 a 18:30 horas: Roma, Rus, Vilar de Lamas, As Edreiras, Berbia, Romelle, Arcar, Loro\u00f1o, Baizana, Art\u00f3n, Sandrexo, Vilar, Saconde, Pazos, Quint\u00e1ns, Andregalla, Penedo, Vilach\u00e1n, Gomar\u00eds e Lamas<\/p>\n<ul>\n<li><b>Venres, 5 de Xaneiro<\/b><\/li>\n<\/ul>\n<p>De 10:00 a 14:00 horas: Vilar do Mato, A Costa, Follente, Rosende, Mira, Ventoselo, Gontalde, Teixid\u00f3n, Pedramaior, Carreira, Vilaest\u00e9vez, G\u00e1ndara, Quint\u00e1ns, Vilar Ramilo, Parga, Bud\u00edan, O Sisto Sobreira, O Vilar, San Cremenzo, Castro, As Pereiras, Bermello, Cot\u00f3n do Mu\u00ed\u00f1o, Xerne, A Cebola, Muri\u00f1o, Regalados, O Pombal e Fornelos<\/p>\n<p><b>Recepci\u00f3ns reais<span class=\"Apple-converted-space\">\u00a0<\/span><\/b><\/p>\n<p>Melchor, Gaspar e Baltasar far\u00e1n o venres \u00e1 tarde un percorrido especial polas r\u00faas de Baio e de Zas.<span class=\"Apple-converted-space\">\u00a0<\/span><\/p>\n<p>Est\u00e1 previsto que despois de percorrer Baio se acheguen a iso das 18:00 horas ata a Praza Jorge Mira para facer al\u00ed unha recepci\u00f3n real. E para facer a\u00ednda m\u00e1is amena a s\u00faa visita, contaremos coa actuaci\u00f3n do Mago Paco e repartiremos chocolate con churros.<span class=\"Apple-converted-space\">\u00a0<\/span><\/p>\n<p>Un pouco m\u00e1is tarde, sobre as 18:45 horas, tam\u00e9n haber\u00e1 unha recepci\u00f3n real en Zas, na Praza do Concello. Aqu\u00ed tam\u00e9n contaremos cun espect\u00e1culo de maxia a cargo do Mago Noel e repartiremos chocholate con churros.<\/p>\n<p>Ide preparando as vosas cartas!<span class=\"Apple-converted-space\">\u00a0<\/span><\/p>\n","protected":false},"excerpt":{"rendered":"<p>Ma\u00f1\u00e1 e o venres visitar\u00e1n, sempre que a climatolox\u00eda o permite, os case 100 n\u00facleos de poboaci\u00f3n que compo\u00f1en o Concello de Zas<br \/>\nc<\/p>\n","protected":false},"author":5,"featured_media":13197,"comment_status":"open","ping_status":"closed","sticky":false,"template":"","format":"standard","meta":{"slim_seo":{"title":"Os Reis Magos percorren o noso municipio durante dous d\u00edas e rematar\u00e1n cunha recepci\u00f3n real en Baio e en Zas nas que repartiremos chocolate con churros - Concello de Zas","description":"Ma\u00f1\u00e1 e o venres visitar\u00e1n, sempre que a climatolox\u00eda o permite, os case 100 n\u00facleos de poboaci\u00f3n que compo\u00f1en o Concello de Zas c"},"footnotes":""},"categories":[10],"tags":[],"class_list":["post-13196","post","type-post","status-publish","format-standard","has-post-thumbnail","hentry","category-concello"],"_links":{"self":[{"href":"https:\/\/concellodezas.gal\/en\/wp-json\/wp\/v2\/posts\/13196","targetHints":{"allow":["GET"]}}],"collection":[{"href":"https:\/\/concellodezas.gal\/en\/wp-json\/wp\/v2\/posts"}],"about":[{"href":"https:\/\/concellodezas.gal\/en\/wp-json\/wp\/v2\/types\/post"}],"author":[{"embeddable":true,"href":"https:\/\/concellodezas.gal\/en\/wp-json\/wp\/v2\/users\/5"}],"replies":[{"embeddable":true,"href":"https:\/\/concellodezas.gal\/en\/wp-json\/wp\/v2\/comments?post=13196"}],"version-history":[{"count":1,"href":"https:\/\/concellodezas.gal\/en\/wp-json\/wp\/v2\/posts\/13196\/revisions"}],"predecessor-version":[{"id":29115,"href":"https:\/\/concellodezas.gal\/en\/wp-json\/wp\/v2\/posts\/13196\/revisions\/29115"}],"wp:featuredmedia":[{"embeddable":true,"href":"https:\/\/concellodezas.gal\/en\/wp-json\/wp\/v2\/media\/13197"}],"wp:attachment":[{"href":"https:\/\/concellodezas.gal\/en\/wp-json\/wp\/v2\/media?parent=13196"}],"wp:term":[{"taxonomy":"category","embeddable":true,"href":"https:\/\/concellodezas.gal\/en\/wp-json\/wp\/v2\/categories?post=13196"},{"taxonomy":"post_tag","embeddable":true,"href":"https:\/\/concellodezas.gal\/en\/wp-json\/wp\/v2\/tags?post=13196"}],"curies":[{"name":"wp","href":"https:\/\/api.w.org\/{rel}","templated":true}]}}