{"id":11941,"date":"2023-09-03T00:15:58","date_gmt":"2023-09-02T22:15:58","guid":{"rendered":"https:\/\/concellodezas.org\/?p=11941"},"modified":"2025-12-22T16:47:21","modified_gmt":"2025-12-22T15:47:21","slug":"descuberto-nas-proximidades-da-ponte-vella-de-brandomil-un-tramo-do-camino-real-que-unia-negreira-con-muxia","status":"publish","type":"post","link":"https:\/\/concellodezas.gal\/en\/descuberto-nas-proximidades-da-ponte-vella-de-brandomil-un-tramo-do-camino-real-que-unia-negreira-con-muxia\/","title":{"rendered":"Descuberto nas proximidades da ponte vella de Brandomil un tramo do Cami\u00f1o Real que un\u00eda Negreira con Mux\u00eda"},"content":{"rendered":"<p>&nbsp;<\/p>\n<p>Esta semana remat\u00e1ronse uns novos traballos que acreditan o compromiso do Concello de Zas co patrimonio. Nesta ocasi\u00f3n, un equipo de arque\u00f3logos, dirixidos por Lino Gorgoso, realizaron diferentes tarefas de limpeza para deixar ao descuberto un tramo do Cami\u00f1o Real que durante a Idade Media e Moderna enlazaba as localidades de Negreira e Mux\u00eda por Brandomil e Ba\u00ed\u00f1as. Tr\u00e1tase da principal v\u00eda de comunicaci\u00f3n entre Santiago de Compostela e a Costa da Morte ata mediados do s\u00e9culo XX. En concreto escavaron unha \u00e1rea de 83 metros situada nas proximidades da ponte de Brandomil cuxos restos xa se localizaran nas catas realizadas no ver\u00e1n do ano 2019.<\/p>\n<p>Tal e como sinalan os arque\u00f3logos, o cami\u00f1o \u201cest\u00e1 nunhas condici\u00f3ns aceptables de conservaci\u00f3n\u201d a\u00ednda que se detectaron algunhas reparaci\u00f3ns relativamente recentes o cal indica que o cami\u00f1o estivo ao descuberto parcialmente ata os anos setenta. De feito, alg\u00fans veci\u00f1os e veci\u00f1as de Brandomil lembran ir limpalo comunalmente.<\/p>\n<p>O m\u00e1is sorprendente, e que corrobora o xa identificado no 2019, \u00e9 a localizaci\u00f3n de varios tramos de pavimento viario romano de tipo \u201cglarea\u201d, id\u00e9ntico ao xa identificado na Pedra do Altar. Segundo os experto, esto confirma a orixe romana do trazado, \u00fanico paso para cruzar do r\u00edo Xallas ata a Idade Moderna. Tras esta intervenci\u00f3n, comprobouse as caracter\u00edsticas da calzada que no tramo escavado consta de cunetas, unha a cada lado, e tres bueiros para drenar a zona. O Concello de Zas contactar\u00e1 nos vindeiros d\u00edas coa Direcci\u00f3n Xeral de Patrimonio Cultural da Xunta de Galicia para analizar a importancia da v\u00eda e ver os posibles pasos a dar.<\/p>\n<p>Moitos veci\u00f1os e turistas xa se achegaron estes d\u00edas ata a zona para observar os traballos. Ata al\u00ed tam\u00e9n foron o Alcalde de Zas, Manuel Mu\u00ed\u00f1o; e o Tenente de Alcalde, Jos\u00e9 Brenlla, que puideron comprobar a importancia da calzada as\u00ed como ver os resultados da intervenci\u00f3n.<span class=\"Apple-converted-space\">\u00a0<\/span><\/p>\n<p>O Concello de Zas investiu nos \u00faltimos anos m\u00e1is de 60.000 euros en diferentes actuaci\u00f3ns co fin de conservar, protexer e po\u00f1er en valor o patrimonio arqueol\u00f3xico que se agocha en Brandomil. Os \u00faltimos traballos realizados est\u00e1n financiados polo Concello de Zas coa colaboraci\u00f3n da Deputaci\u00f3n da Coru\u00f1a.<span class=\"Apple-converted-space\">\u00a0<\/span><\/p>\n","protected":false},"excerpt":{"rendered":"<p>O Concello de Zas, en colaboraci\u00f3n coa Deputaci\u00f3n da Coru\u00f1a, puxo en marcha estas escavaci\u00f3ns cuxos restos xa se localizaran en catas realizadas no 2019<br \/>\nO Concello de Zas investiu nos \u00faltimos anos m\u00e1is de 60.000\u20ac en diferentes actuaci\u00f3ns co fin de conservar, protexer e po\u00f1er en valor o patrimonio arquol\u00f3xico que se agocha en Brandomil<\/p>\n","protected":false},"author":5,"featured_media":11943,"comment_status":"open","ping_status":"closed","sticky":false,"template":"","format":"standard","meta":{"slim_seo":{"title":"Descuberto nas proximidades da ponte vella de Brandomil un tramo do Cami\u00f1o Real que un\u00eda Negreira con Mux\u00eda - Concello de Zas","description":"O Concello de Zas, en colaboraci\u00f3n coa Deputaci\u00f3n da Coru\u00f1a, puxo en marcha estas escavaci\u00f3ns cuxos restos xa se localizaran en catas realizadas no 2019 O Conce"},"footnotes":""},"categories":[10],"tags":[494,495,493],"class_list":["post-11941","post","type-post","status-publish","format-standard","has-post-thumbnail","hentry","category-concello","tag-arqueoloxia","tag-brandomil","tag-patrimonio"],"_links":{"self":[{"href":"https:\/\/concellodezas.gal\/en\/wp-json\/wp\/v2\/posts\/11941","targetHints":{"allow":["GET"]}}],"collection":[{"href":"https:\/\/concellodezas.gal\/en\/wp-json\/wp\/v2\/posts"}],"about":[{"href":"https:\/\/concellodezas.gal\/en\/wp-json\/wp\/v2\/types\/post"}],"author":[{"embeddable":true,"href":"https:\/\/concellodezas.gal\/en\/wp-json\/wp\/v2\/users\/5"}],"replies":[{"embeddable":true,"href":"https:\/\/concellodezas.gal\/en\/wp-json\/wp\/v2\/comments?post=11941"}],"version-history":[{"count":1,"href":"https:\/\/concellodezas.gal\/en\/wp-json\/wp\/v2\/posts\/11941\/revisions"}],"predecessor-version":[{"id":29136,"href":"https:\/\/concellodezas.gal\/en\/wp-json\/wp\/v2\/posts\/11941\/revisions\/29136"}],"wp:featuredmedia":[{"embeddable":true,"href":"https:\/\/concellodezas.gal\/en\/wp-json\/wp\/v2\/media\/11943"}],"wp:attachment":[{"href":"https:\/\/concellodezas.gal\/en\/wp-json\/wp\/v2\/media?parent=11941"}],"wp:term":[{"taxonomy":"category","embeddable":true,"href":"https:\/\/concellodezas.gal\/en\/wp-json\/wp\/v2\/categories?post=11941"},{"taxonomy":"post_tag","embeddable":true,"href":"https:\/\/concellodezas.gal\/en\/wp-json\/wp\/v2\/tags?post=11941"}],"curies":[{"name":"wp","href":"https:\/\/api.w.org\/{rel}","templated":true}]}}