{"id":11618,"date":"2023-06-15T00:28:13","date_gmt":"2023-06-14T22:28:13","guid":{"rendered":"https:\/\/concellodezas.org\/?p=11618"},"modified":"2025-12-22T16:47:21","modified_gmt":"2025-12-22T15:47:21","slug":"o-auditorio-de-baio-acolle-o-sabado-un-acto-na-honra-de-francisco-romero-lema","status":"publish","type":"post","link":"https:\/\/concellodezas.gal\/en\/o-auditorio-de-baio-acolle-o-sabado-un-acto-na-honra-de-francisco-romero-lema\/","title":{"rendered":"O Auditorio de Baio acolle o s\u00e1bado un acto na honra de Francisco Romero Lema"},"content":{"rendered":"<p>&nbsp;<\/p>\n<p>O Comit\u00e9 organizador dos actos do Centenario do Seminario de Estudos Galego, dependente do Museo do Pobo Galego, escolliu Baio para a organizaci\u00f3n dunha acto no que se honrar\u00e1 a <b>Francisco Romero Lema<\/b>, veci\u00f1o da vila e un dos fundadores do Seminario de Estudos Galego.<\/p>\n<p>O acto, que est\u00e1 aberto ao p\u00falbico, ter\u00e1 lugar ao longo da ma\u00f1\u00e1 do pr\u00f3ximo s\u00e1bado no Auditorio de Baio e xa pola tarde (a partir das 16:30 horas) realizarse un roteiro literario-art\u00edstica pola parroquia baiesa visitando os lugares de referencia da familia Romero Lema. Este \u00e9 o programa:<\/p>\n<ul>\n<li>10:30 horas: Acto inaugural das xornadas no que intervir\u00e1n o Alcalde de Zas, Manuel Mu\u00ed\u00f1o Espasand\u00edn; e Xos\u00e9 M\u00aa Lema, en calidade de representante do Padroado do Museo do Pobo Galego para o Centenario do S.E.G. en Baio<\/li>\n<li>10:35 horas: Manuel Vilar \u00c1lvarez, director do Museo do Pobo Galego, falar\u00e1 sobre o Seminario de Estudos Galegos, fundado en 1923<\/li>\n<li>11:00 horas: Conferencia de Xos\u00e9 M\u00aa Rei Lema sobre a \u201cVida e obra de Ram\u00f3n Francisco Romero Lema. A fundaci\u00f3n do S.E.G. segundo a s\u00faa versi\u00f3n\u201d<\/li>\n<li>12:00 horas: Caf\u00e9<\/li>\n<li>12:30 horas: Mesa redonda sobre a familia Romero Lema de Baio na que intervir\u00e1n Xos\u00e9 Luis Axeitos, acad\u00e9mico numerario da Real Academia Galega; Braulio P\u00e9rez Astray, director adxunto da Fundaci\u00f3n Universidade da Coru\u00f1a; e Xos\u00e9 M\u00aa Lema, historiador e acad\u00e9mico correspondente da Real Academia Galega. A mesa estar\u00e1 moderada por Jorge Mira P\u00e9rez, presidente da Comisi\u00f3n Enrique Labarta para as Letras Galegas<\/li>\n<li>13:30 horas: Inauguraci\u00f3n dunha vitrina na que se mostrar\u00e1n as obras publicadas por Francisco Romero Lema<\/li>\n<li>14:00 horas: Clausura das xornadas<\/li>\n<li>16:30 horas: Ruta literario-art\u00edstica pola parroquia de Baio<\/li>\n<\/ul>\n<p>Esta \u00e9 unha actividade organizada polo Museo do Pobo Galego, a Comisi\u00f3n Pro D\u00eda das Letras Galegas Labarta Pose e o Concello de Zas.<\/p>\n","protected":false},"excerpt":{"rendered":"<p>Ao longo da ma\u00f1\u00e1 haber\u00e1 diferentes relatorios e unha mesa redonda sobre a s\u00faa figura<br \/>\nEsta \u00e9 unha actividade organizada polo Museo do Pobo Galego, o Comit\u00e9 Pro D\u00eda das Letras Galegas Labarta Pose e o Concello de Zas <\/p>\n","protected":false},"author":5,"featured_media":11619,"comment_status":"open","ping_status":"closed","sticky":false,"template":"","format":"standard","meta":{"slim_seo":{"title":"O Auditorio de Baio acolle o s\u00e1bado un acto na honra de Francisco Romero Lema - Concello de Zas","description":"Ao longo da ma\u00f1\u00e1 haber\u00e1 diferentes relatorios e unha mesa redonda sobre a s\u00faa figura Esta \u00e9 unha actividade organizada polo Museo do Pobo Galego, o Comit\u00e9 Pro D"},"footnotes":""},"categories":[10],"tags":[],"class_list":["post-11618","post","type-post","status-publish","format-standard","has-post-thumbnail","hentry","category-concello"],"_links":{"self":[{"href":"https:\/\/concellodezas.gal\/en\/wp-json\/wp\/v2\/posts\/11618","targetHints":{"allow":["GET"]}}],"collection":[{"href":"https:\/\/concellodezas.gal\/en\/wp-json\/wp\/v2\/posts"}],"about":[{"href":"https:\/\/concellodezas.gal\/en\/wp-json\/wp\/v2\/types\/post"}],"author":[{"embeddable":true,"href":"https:\/\/concellodezas.gal\/en\/wp-json\/wp\/v2\/users\/5"}],"replies":[{"embeddable":true,"href":"https:\/\/concellodezas.gal\/en\/wp-json\/wp\/v2\/comments?post=11618"}],"version-history":[{"count":1,"href":"https:\/\/concellodezas.gal\/en\/wp-json\/wp\/v2\/posts\/11618\/revisions"}],"predecessor-version":[{"id":29147,"href":"https:\/\/concellodezas.gal\/en\/wp-json\/wp\/v2\/posts\/11618\/revisions\/29147"}],"wp:featuredmedia":[{"embeddable":true,"href":"https:\/\/concellodezas.gal\/en\/wp-json\/wp\/v2\/media\/11619"}],"wp:attachment":[{"href":"https:\/\/concellodezas.gal\/en\/wp-json\/wp\/v2\/media?parent=11618"}],"wp:term":[{"taxonomy":"category","embeddable":true,"href":"https:\/\/concellodezas.gal\/en\/wp-json\/wp\/v2\/categories?post=11618"},{"taxonomy":"post_tag","embeddable":true,"href":"https:\/\/concellodezas.gal\/en\/wp-json\/wp\/v2\/tags?post=11618"}],"curies":[{"name":"wp","href":"https:\/\/api.w.org\/{rel}","templated":true}]}}