{"id":11255,"date":"2023-04-25T19:35:55","date_gmt":"2023-04-25T17:35:55","guid":{"rendered":"https:\/\/concellodezas.org\/?p=11255"},"modified":"2025-12-22T16:47:22","modified_gmt":"2025-12-22T15:47:22","slug":"o-concello-de-zas-pon-en-marcha-as-obras-do-centro-de-saude-de-baio-coas-que-se-duplicaran-a-sua-superficie","status":"publish","type":"post","link":"https:\/\/concellodezas.gal\/en\/o-concello-de-zas-pon-en-marcha-as-obras-do-centro-de-saude-de-baio-coas-que-se-duplicaran-a-sua-superficie\/","title":{"rendered":"O Concello de Zas pon en marcha as obras do Centro de Sa\u00fade de Baio coas que se duplicar\u00e1n a s\u00faa superficie"},"content":{"rendered":"<p>&nbsp;<\/p>\n<p>O Alcalde de Zas, Manuel Mu\u00ed\u00f1o, visitou esta ma\u00f1\u00e1 o <b>Centro de Sa\u00fade de Baio<\/b> onde xa comezaron as obras que supor\u00e1n unha reforma integral das instalaci\u00f3ns. O Concello de Zas colabora co Servizo Galego de Sa\u00fade &#8211; SERGAS &#8211; asumindo o 50% do custo das mesmas adem\u00e1is de encargarse da redacci\u00f3n do proxecto e da contrataci\u00f3n dos traballos.<span class=\"Apple-converted-space\">\u00a0<\/span><\/p>\n<p>Despois de varios meses de tr\u00e1mites administrativos, a Xunta de Galicia v\u00e9n de dar a autorizaci\u00f3n pertinente para o inicio das obras que te\u00f1en un prazo de execuci\u00f3n de tres meses. O Centro de Sa\u00fade de Baio ub\u00edcase dende hai anos nun dos baixos das Escolas Agra Regueiro, situadas na Campo do Rollo, grazas \u00e1 cesi\u00f3n realizada pola Asociaci\u00f3n de Veci\u00f1os Tabeir\u00f3n. Esta foi unha ubicaci\u00f3n provisional e que leva en funcionamento dende hai m\u00e1is de 20 anos a pesar de non reunir as condici\u00f3ns necesarias para esta funci\u00f3n.<\/p>\n<p>Por este motivo, o equipo de goberno do Concello de Zas iniciou hai xa varios meses os tr\u00e1mites para reformar as instalaci\u00f3ns \u00e1 vez que a entidade veci\u00f1al Tabeir\u00f3n cediu a outra parte do baixo do edificio co fin de ampliar o espazo dedicado a este fin.<\/p>\n<p>Unha vez rematados os traballos, dos que se encarga a empresa Lires Cons S.L., o Centro de Sa\u00fade de Baio duplicar\u00e1 a s\u00faa superficie pasando dos 108 m2 \u00fatiles a un total de 205m2. As obras incl\u00faen a reforma integral das instalaci\u00f3ns actuais (fontaneir\u00eda, saneamento, electricidade, climatizaci\u00f3n, mobiliario,\u2026) as\u00ed como a creaci\u00f3n de d\u00faas novas salas de atenci\u00f3n m\u00e9dica.<\/p>\n","protected":false},"excerpt":{"rendered":"<p>O ente local colabora co SERGAS asumindo o 50% do custo dos traballos que se executar\u00e1n en tres meses<\/p>\n","protected":false},"author":5,"featured_media":11256,"comment_status":"open","ping_status":"closed","sticky":false,"template":"","format":"standard","meta":{"slim_seo":{"title":"O Concello de Zas pon en marcha as obras do Centro de Sa\u00fade de Baio coas que se duplicar\u00e1n a s\u00faa superficie - Concello de Zas","description":"O ente local colabora co SERGAS asumindo o 50% do custo dos traballos que se executar\u00e1n en tres meses"},"footnotes":""},"categories":[10],"tags":[],"class_list":["post-11255","post","type-post","status-publish","format-standard","has-post-thumbnail","hentry","category-concello"],"_links":{"self":[{"href":"https:\/\/concellodezas.gal\/en\/wp-json\/wp\/v2\/posts\/11255","targetHints":{"allow":["GET"]}}],"collection":[{"href":"https:\/\/concellodezas.gal\/en\/wp-json\/wp\/v2\/posts"}],"about":[{"href":"https:\/\/concellodezas.gal\/en\/wp-json\/wp\/v2\/types\/post"}],"author":[{"embeddable":true,"href":"https:\/\/concellodezas.gal\/en\/wp-json\/wp\/v2\/users\/5"}],"replies":[{"embeddable":true,"href":"https:\/\/concellodezas.gal\/en\/wp-json\/wp\/v2\/comments?post=11255"}],"version-history":[{"count":1,"href":"https:\/\/concellodezas.gal\/en\/wp-json\/wp\/v2\/posts\/11255\/revisions"}],"predecessor-version":[{"id":29161,"href":"https:\/\/concellodezas.gal\/en\/wp-json\/wp\/v2\/posts\/11255\/revisions\/29161"}],"wp:featuredmedia":[{"embeddable":true,"href":"https:\/\/concellodezas.gal\/en\/wp-json\/wp\/v2\/media\/11256"}],"wp:attachment":[{"href":"https:\/\/concellodezas.gal\/en\/wp-json\/wp\/v2\/media?parent=11255"}],"wp:term":[{"taxonomy":"category","embeddable":true,"href":"https:\/\/concellodezas.gal\/en\/wp-json\/wp\/v2\/categories?post=11255"},{"taxonomy":"post_tag","embeddable":true,"href":"https:\/\/concellodezas.gal\/en\/wp-json\/wp\/v2\/tags?post=11255"}],"curies":[{"name":"wp","href":"https:\/\/api.w.org\/{rel}","templated":true}]}}