{"id":10776,"date":"2023-02-24T15:29:17","date_gmt":"2023-02-24T14:29:17","guid":{"rendered":"https:\/\/concellodezas.org\/?p=10776"},"modified":"2025-12-22T16:47:23","modified_gmt":"2025-12-22T15:47:23","slug":"o-cim-de-zas-atendeu-mais-de-560-consultas-durante-o-ano-pasado","status":"publish","type":"post","link":"https:\/\/concellodezas.gal\/en\/o-cim-de-zas-atendeu-mais-de-560-consultas-durante-o-ano-pasado\/","title":{"rendered":"O CIM de Zas atendeu m\u00e1is de 560 consultas durante o ano pasado"},"content":{"rendered":"<p>O <b>Centro de Informaci\u00f3n \u00e1 Muller &#8211; CIM &#8211; do Concello de Zas <\/b>atendeu ao longo do 2022 un total de 565 consultas sobre diferentes aspectos.<\/p>\n<p>Ao igual que nos anos anteriores, os servizos m\u00e1is demandados son o asesoramento xur\u00eddico e a atenci\u00f3n psicol\u00f3xica que recibiron 216 e 205 consultas respectivamente. Durante o 2022, o CIM de Zas atendeu a 37 mulleres v\u00edtimas de violencia de xen\u00e9ro e ofreceron informaci\u00f3n sobre recursos, emprego, formaci\u00f3n e outras cuesti\u00f3ns a m\u00e1is de 100 usuarias.<span class=\"Apple-converted-space\">\u00a0<\/span><\/p>\n<p>Ademais das consultas, o CIM organiza ao longo do ano diferentes actividades co fin de fomentar a igualdade entre sexos e loitar contra as violencias. Entre elas est\u00e1n os programas que se realizan ao redor de datas tan sinaladas como o D\u00eda Internacional da Muller e o D\u00eda Internacional da Eliminaci\u00f3n da Violencia contra a Muller.<span class=\"Apple-converted-space\">\u00a0 <\/span>Ademais, dende o CIM de Zas organ\u00edzanse programas como os Talleres de Memoria ou as actividades para persoas adultas que se desenvolven durante todo o ano (ximnasia terape\u00fatica, zumba, ioga e pilates, cesteir\u00eda, bordado,\u2026). <span class=\"Apple-converted-space\">\u00a0<\/span><\/p>\n<p>O CIM de Zas &#8211; ubicado no antigo edificio da C\u00e1mara Agraria de Zas leva en funcionamento dende o ano 2001, sendo un dos primeiros da Costa da Morte. Este \u00e9 un servizo municipal totalmente gratu\u00edto que atende a mulleres non s\u00f3 do noso concello se non tam\u00e9n doutros lim\u00edtrofes como Vimianzo, Cabana, Laxe e Ponteceso.<span class=\"Apple-converted-space\">\u00a0<\/span><\/p>\n<p>O horario de atenci\u00f3n ao p\u00fablico \u00e9 de luns a venres de 08:00 a 15:00 horas. As consultas poden realizarse tanto de forma presencial como telef\u00f3nica a trav\u00e9s do n\u00famero de tel\u00e9fono 981 70 83 03.<span class=\"Apple-converted-space\">\u00a0<\/span><\/p>\n","protected":false},"excerpt":{"rendered":"<p>O asesoramento xur\u00eddico e a atenci\u00f3n psicol\u00f3xica seguen sendo os servizos m\u00e1is demandados<\/p>\n","protected":false},"author":5,"featured_media":10777,"comment_status":"open","ping_status":"closed","sticky":false,"template":"","format":"standard","meta":{"slim_seo":{"title":"O CIM de Zas atendeu m\u00e1is de 560 consultas durante o ano pasado - Concello de Zas","description":"O asesoramento xur\u00eddico e a atenci\u00f3n psicol\u00f3xica seguen sendo os servizos m\u00e1is demandados"},"footnotes":""},"categories":[10],"tags":[],"class_list":["post-10776","post","type-post","status-publish","format-standard","has-post-thumbnail","hentry","category-concello"],"_links":{"self":[{"href":"https:\/\/concellodezas.gal\/en\/wp-json\/wp\/v2\/posts\/10776","targetHints":{"allow":["GET"]}}],"collection":[{"href":"https:\/\/concellodezas.gal\/en\/wp-json\/wp\/v2\/posts"}],"about":[{"href":"https:\/\/concellodezas.gal\/en\/wp-json\/wp\/v2\/types\/post"}],"author":[{"embeddable":true,"href":"https:\/\/concellodezas.gal\/en\/wp-json\/wp\/v2\/users\/5"}],"replies":[{"embeddable":true,"href":"https:\/\/concellodezas.gal\/en\/wp-json\/wp\/v2\/comments?post=10776"}],"version-history":[{"count":1,"href":"https:\/\/concellodezas.gal\/en\/wp-json\/wp\/v2\/posts\/10776\/revisions"}],"predecessor-version":[{"id":29179,"href":"https:\/\/concellodezas.gal\/en\/wp-json\/wp\/v2\/posts\/10776\/revisions\/29179"}],"wp:featuredmedia":[{"embeddable":true,"href":"https:\/\/concellodezas.gal\/en\/wp-json\/wp\/v2\/media\/10777"}],"wp:attachment":[{"href":"https:\/\/concellodezas.gal\/en\/wp-json\/wp\/v2\/media?parent=10776"}],"wp:term":[{"taxonomy":"category","embeddable":true,"href":"https:\/\/concellodezas.gal\/en\/wp-json\/wp\/v2\/categories?post=10776"},{"taxonomy":"post_tag","embeddable":true,"href":"https:\/\/concellodezas.gal\/en\/wp-json\/wp\/v2\/tags?post=10776"}],"curies":[{"name":"wp","href":"https:\/\/api.w.org\/{rel}","templated":true}]}}