{"id":10295,"date":"2023-01-02T15:25:27","date_gmt":"2023-01-02T14:25:27","guid":{"rendered":"https:\/\/concellodezas.org\/?p=10295"},"modified":"2025-12-22T16:47:24","modified_gmt":"2025-12-22T15:47:24","slug":"os-reis-magos-visitan-os-98-nucleos-do-noso-municipio-os-dias-4-e-5-de-xaneiro","status":"publish","type":"post","link":"https:\/\/concellodezas.gal\/en\/os-reis-magos-visitan-os-98-nucleos-do-noso-municipio-os-dias-4-e-5-de-xaneiro\/","title":{"rendered":"Os Reis Magos visitan os 98 n\u00facleos do noso municipio os d\u00edas 4 e 5 de xaneiro"},"content":{"rendered":"<p>&nbsp;<\/p>\n<p>Os <b>Reis Magos <\/b>regresan ao noso Concello e xa temos todo a punto para que realicen o seu tradicional percorrido polo municipio acompa\u00f1ados dos seus paxes. Coma v\u00e9n sendo habitual recorrer\u00e1n os 98 n\u00facleos de poboaci\u00f3n do Concello de Zas en dous d\u00edas, o 4 e o 5 de xaneiro para ver as\u00ed o maior n\u00famero de nenos e nenas aos que lles entregar\u00e1n un pequeno agasallo. Durante a s\u00faa visita estar\u00e1n acompa\u00f1ados polo Alcalde de Zas, Manuel Mu\u00ed\u00f1o, que adem\u00e1is recibiraos \u00e1 s\u00faa chegada na Casa do Concello. Estes son os percorridos e os seus horarios:<\/p>\n<p><b>M\u00e9rcores, 4 de Xaneiro<\/b><span class=\"Apple-converted-space\">\u00a0<\/span><\/p>\n<p>De 10:00 a 14:00 horas: San Adri\u00e1n, A Devesa, Rial de Abaixo, Caberte, Max\u00edn, A Atalaia, Rial de Arriba, Frox\u00e1n, San Marti\u00f1o, Vila, Langueir\u00f3n, A Santa, Fontespi\u00f1o, Pedra Padreiro, Mar\u00e1n, Campos, A Lagoa, Pudenza, Brandomil, A Calabanda, Padreiro, Quint\u00e1ns, Limideiro, Curr\u00e1is, A Gris, Borreiros, A Xestosa, Os Pedrouzos, As Abellas, O Couto, A Toxa, O Vilar, A Chur\u00eda e Meanos.<\/p>\n<p>Tras un breve descanso \u00e1s 15:00 horas continuar\u00e1n o seu percorrido por Roma, Rus, Meanos, Vilar de Lamas, As Edreiras, Berbia, Romelle, Arcar, Loro\u00f1o, Baizana, Art\u00f3n, Sandrexo, Vilar, Saconde, Pazos, Quint\u00e1ns, Andregalla, Penedo, Vilach\u00e1n, Gomar\u00eds e Lamas.<span class=\"Apple-converted-space\">\u00a0<\/span><\/p>\n<p><b>Xoves, 5 de xaneiro<\/b><\/p>\n<p>\u00c1s 10:00 horas comezar\u00e1n o seu percorrido por: Vilar do Mato, A Costa, Follente, Rosende, Mira, Ventoselo, Gontalde, Teixid\u00f3n, Pedramaior, Carreira, Vilaest\u00e9vez, G\u00e1ndara, Quint\u00e1ns, Vilar Ramilo, Paga, Budi\u00e1n, O Sisto, Sobreira, O Vilar, San Cremenzo, Castro, As Pereiras, Bermello, Cot\u00f3n do Mu\u00ed\u00f1o, Xerne, A Cebola, Muri\u00f1o, Regalados, O Pombal e Fornelos.<span class=\"Apple-converted-space\">\u00a0<\/span><\/p>\n<p><b>Recepci\u00f3n Real<\/b><\/p>\n<p>Os Reis Magos rematar\u00e1n a s\u00faa visita cunha <b>recepci\u00f3n real. <\/b>Pero antes percorrer\u00e1n xunto coa s\u00faa comitiva as r\u00faas de Baio (a partir das 17:45 horas) e as de Zas (a partir das 18:30 horas). Logo ir\u00e1n para a Praza Jorge Mira P\u00e9rez e para a Praza do Concello, respectivamente, onde far\u00e1n as recepci\u00f3ns reais e entregar\u00e1n uns pequenos agasallos \u00e1 rapazada. A festa rematar\u00e1 coa actuaci\u00f3n de Trasnos de Nadal (en Baio) e co Mago Pago (en Zas). Nos dous sitios haber\u00e1 chocolate con churros para todos e todas!<span class=\"Apple-converted-space\">\u00a0<\/span><\/p>\n<p>Esta \u00e9 unha actividade organizada polo Concello de Zas e que se incl\u00fae dentro da programaci\u00f3n de Nadal e que conta coa colaboraci\u00f3n da Asociaci\u00f3n Cultural Adro e do Bazar Baio.<span class=\"Apple-converted-space\">\u00a0<\/span><\/p>\n","protected":false},"excerpt":{"rendered":"<p>O xoves pola tarde faremos unga gran festa na Praza do Concello e na Praza Jorge Mira P\u00e9rez<\/p>\n","protected":false},"author":5,"featured_media":10297,"comment_status":"open","ping_status":"closed","sticky":false,"template":"","format":"standard","meta":{"slim_seo":{"title":"Os Reis Magos visitan os 98 n\u00facleos do noso municipio os d\u00edas 4 e 5 de xaneiro - Concello de Zas","description":"O xoves pola tarde faremos unga gran festa na Praza do Concello e na Praza Jorge Mira P\u00e9rez"},"footnotes":""},"categories":[10],"tags":[],"class_list":["post-10295","post","type-post","status-publish","format-standard","has-post-thumbnail","hentry","category-concello"],"_links":{"self":[{"href":"https:\/\/concellodezas.gal\/en\/wp-json\/wp\/v2\/posts\/10295","targetHints":{"allow":["GET"]}}],"collection":[{"href":"https:\/\/concellodezas.gal\/en\/wp-json\/wp\/v2\/posts"}],"about":[{"href":"https:\/\/concellodezas.gal\/en\/wp-json\/wp\/v2\/types\/post"}],"author":[{"embeddable":true,"href":"https:\/\/concellodezas.gal\/en\/wp-json\/wp\/v2\/users\/5"}],"replies":[{"embeddable":true,"href":"https:\/\/concellodezas.gal\/en\/wp-json\/wp\/v2\/comments?post=10295"}],"version-history":[{"count":1,"href":"https:\/\/concellodezas.gal\/en\/wp-json\/wp\/v2\/posts\/10295\/revisions"}],"predecessor-version":[{"id":29189,"href":"https:\/\/concellodezas.gal\/en\/wp-json\/wp\/v2\/posts\/10295\/revisions\/29189"}],"wp:featuredmedia":[{"embeddable":true,"href":"https:\/\/concellodezas.gal\/en\/wp-json\/wp\/v2\/media\/10297"}],"wp:attachment":[{"href":"https:\/\/concellodezas.gal\/en\/wp-json\/wp\/v2\/media?parent=10295"}],"wp:term":[{"taxonomy":"category","embeddable":true,"href":"https:\/\/concellodezas.gal\/en\/wp-json\/wp\/v2\/categories?post=10295"},{"taxonomy":"post_tag","embeddable":true,"href":"https:\/\/concellodezas.gal\/en\/wp-json\/wp\/v2\/tags?post=10295"}],"curies":[{"name":"wp","href":"https:\/\/api.w.org\/{rel}","templated":true}]}}